{"id":13561,"date":"2020-08-16T19:49:00","date_gmt":"2020-08-16T17:49:00","guid":{"rendered":"http:\/\/www.60ergang.at\/wordpress\/?p=13561"},"modified":"2025-06-14T18:42:14","modified_gmt":"2025-06-14T16:42:14","slug":"zugspitze-ber-hllental-2-962-mtr","status":"publish","type":"post","link":"https:\/\/www.60ergang.at\/wordpress\/zugspitze-ber-hllental-2-962-mtr\/","title":{"rendered":"Zugspitze, &uuml;ber H&ouml;llental 2.962 mtr"},"content":{"rendered":"\n<p>dass wir diese Tour ausgerechnet an einem sch\u00f6nen Sonntag gemacht haben, ist leicht erkl\u00e4rt:&nbsp; h\u00e4tten wir sie NICHT gemacht, w\u00e4re das einzig Gute daran, dass wir nicht gewusst h\u00e4tten, was wir vers\u00e4umt h\u00e4tten. So jedoch haben wir zwar mit vielen und vielen und noch so vielen anderen, uns auf die Socken gemacht, bereuten es aber kein bisschen. Dass mir eine \u201cMassentour\u201d so viel Freude bereitete, erwartete ich vorher nicht. Zusammengefasst gibt es zu berichten, dass wir problemlos und \u201cstaufrei\u201d bis zur Randspalte des Gletschers kamen \u2013 dort, wo der finale Klettersteig beginnt.<\/p>\n\n\n\n<figure class=\"wp-block-image\"><a href=\"https:\/\/www.60ergang.at\/wordpress\/wp-content\/uploads\/2020\/08\/k-P1030959.jpg\"><img decoding=\"async\" src=\"https:\/\/www.60ergang.at\/wordpress\/wp-content\/uploads\/2020\/08\/k-P1030959_thumb.jpg\" alt=\"k-P1030959\" title=\"k-P1030959\"\/><\/a><\/figure>\n\n\n\n<figure class=\"wp-block-image\"><a href=\"https:\/\/www.60ergang.at\/wordpress\/wp-content\/uploads\/2020\/08\/k-P1030962.jpg\"><img decoding=\"async\" src=\"https:\/\/www.60ergang.at\/wordpress\/wp-content\/uploads\/2020\/08\/k-P1030962_thumb.jpg\" alt=\"k-P1030962\" title=\"k-P1030962\"\/><\/a><\/figure>\n\n\n\n<figure class=\"wp-block-image\"><a href=\"https:\/\/www.60ergang.at\/wordpress\/wp-content\/uploads\/2020\/08\/k-P1030968.jpg\"><img decoding=\"async\" src=\"https:\/\/www.60ergang.at\/wordpress\/wp-content\/uploads\/2020\/08\/k-P1030968_thumb.jpg\" alt=\"k-P1030968\" title=\"k-P1030968\"\/><\/a><\/figure>\n\n\n\n<p><\/p>\n\n\n\n<p><em>Der erste Teil der Wanderung f\u00fchrt uns durch die wundersch\u00f6ne <a href=\"http:\/\/www.hoellentalklamm-info.de\/informationen.html\">H\u00f6llentalklamm<\/a>.<\/em> <\/p>\n\n\n\n<p>Dort stellten wir uns in die Reihe, in der 15 Gleichgesinnte \u201cerst\u201d waren. Die Zwangspause war nicht etwa unangenehm, sie verlangte von uns&nbsp; einfach, inne zu halten. Gleich ging es im Steig selber weiter. Immer wieder kam der lange Wurm der Kletterer zum Stillstand.&nbsp; Aber der weite und anstrengende Weg bis zum Steig hat uns anst\u00e4ndig&nbsp; Kraft geraubt. Daher best\u00e4tigten wir uns immer wieder, dass es gar nicht so schlecht war, aufs Neue&nbsp; RASTEN ZU M\u00dcSSEN (obgleich der Au\u00dfenstehende meinen muss, dass dies unangenehm sein h\u00e4tte m\u00fcssen).<\/p>\n\n\n\n<figure class=\"wp-block-image\"><a href=\"https:\/\/www.60ergang.at\/wordpress\/wp-content\/uploads\/2020\/08\/k-P1030973.jpg\"><img decoding=\"async\" src=\"https:\/\/www.60ergang.at\/wordpress\/wp-content\/uploads\/2020\/08\/k-P1030973_thumb.jpg\" alt=\"k-P1030973\" title=\"k-P1030973\"\/><\/a><\/figure>\n\n\n\n<figure class=\"wp-block-image\"><a href=\"https:\/\/www.60ergang.at\/wordpress\/wp-content\/uploads\/2020\/08\/k-P1030975.jpg\"><img decoding=\"async\" src=\"https:\/\/www.60ergang.at\/wordpress\/wp-content\/uploads\/2020\/08\/k-P1030975_thumb.jpg\" alt=\"k-P1030975\" title=\"k-P1030975\"\/><\/a><\/figure>\n\n\n\n<figure class=\"wp-block-image\"><a href=\"https:\/\/www.60ergang.at\/wordpress\/wp-content\/uploads\/2020\/08\/k-P1030980.jpg\"><img decoding=\"async\" src=\"https:\/\/www.60ergang.at\/wordpress\/wp-content\/uploads\/2020\/08\/k-P1030980_thumb.jpg\" alt=\"k-P1030980\" title=\"k-P1030980\"\/><\/a><\/figure>\n\n\n\n<p><em>schon nach der <a href=\"https:\/\/www.alpenverein-muenchen-oberland.de\/hoellentalangerhuette\">H\u00f6llentalangerh\u00fctte<\/a>, unterwegs in Richtung Gletscher<\/em><\/p>\n\n\n\n<p>\u00a0Einige Wenige, denen wir aufr\u00fcckten, und die gar langsam waren, lie\u00dfen uns auch passieren. So kam es, dass wir vermutlich durch die Staubildungen Alles in Allem 30 Minuten verloren haben. Fazit: wir h\u00e4tten die\u00a0 Plan Zeit um etwa 15 Minuten unterschritten, durch Stau\u00a0 waren wir eben 15 Minuten dr\u00fcber.<\/p>\n\n\n\n<figure class=\"wp-block-image\"><a href=\"https:\/\/www.60ergang.at\/wordpress\/wp-content\/uploads\/2020\/08\/k-P1030984.jpg\"><img decoding=\"async\" src=\"https:\/\/www.60ergang.at\/wordpress\/wp-content\/uploads\/2020\/08\/k-P1030984_thumb.jpg\" alt=\"k-P1030984\" title=\"k-P1030984\"\/><\/a><\/figure>\n\n\n\n<figure class=\"wp-block-image\"><a href=\"https:\/\/www.60ergang.at\/wordpress\/wp-content\/uploads\/2020\/08\/k-P1030990.jpg\"><img decoding=\"async\" src=\"https:\/\/www.60ergang.at\/wordpress\/wp-content\/uploads\/2020\/08\/k-P1030990_thumb.jpg\" alt=\"k-P1030990\" title=\"k-P1030990\"\/><\/a><\/figure>\n\n\n\n<figure class=\"wp-block-image\"><a href=\"https:\/\/www.60ergang.at\/wordpress\/wp-content\/uploads\/2020\/08\/k-P1040001.jpg\"><img decoding=\"async\" src=\"https:\/\/www.60ergang.at\/wordpress\/wp-content\/uploads\/2020\/08\/k-P1040001_thumb.jpg\" alt=\"k-P1040001\" title=\"k-P1040001\"\/><\/a><\/figure>\n\n\n\n<p><em>die erw\u00e4hnte Menschenansammlung\u00a0 am Beginn des Klettersteigeinstieges; Kein Problem, wie wir uns gegenseitig sp\u00e4ter versicherten.<\/em> <\/p>\n\n\n\n<p>Bei einem derartigen Vorhaben den Zeitplan fast genau zu treffen, war ein Grund zur Freude. Bei der Ankunft im Gipfelbereich lie\u00dfen wir es bei einem Foto des goldenen Gipfelkreuzes \u2013 etwas herangezoomt \u2013 sein. Es standen n\u00e4mlich sage und schreibe 2000 Touristen Schlange, die direkt aus der Seilbahn stiegen und volley zum Gipfelkreuz wollten. Das einzig befremdliche an dieser Tour.<\/p>\n\n\n\n<figure class=\"wp-block-image\"><a href=\"https:\/\/www.60ergang.at\/wordpress\/wp-content\/uploads\/2020\/08\/k-P1040009.jpg\"><img decoding=\"async\" src=\"https:\/\/www.60ergang.at\/wordpress\/wp-content\/uploads\/2020\/08\/k-P1040009_thumb.jpg\" alt=\"k-P1040009\" title=\"k-P1040009\"\/><\/a><\/figure>\n\n\n\n<figure class=\"wp-block-image\"><a href=\"https:\/\/www.60ergang.at\/wordpress\/wp-content\/uploads\/2020\/08\/k-P1040013.jpg\"><img decoding=\"async\" src=\"https:\/\/www.60ergang.at\/wordpress\/wp-content\/uploads\/2020\/08\/k-P1040013_thumb.jpg\" alt=\"k-P1040013\" title=\"k-P1040013\"\/><\/a><\/figure>\n\n\n\n<figure class=\"wp-block-image\"><a href=\"https:\/\/www.60ergang.at\/wordpress\/wp-content\/uploads\/2020\/08\/k-P1040018.jpg\"><img decoding=\"async\" src=\"https:\/\/www.60ergang.at\/wordpress\/wp-content\/uploads\/2020\/08\/k-P1040018_thumb.jpg\" alt=\"k-P1040018\" title=\"k-P1040018\"\/><\/a><\/figure>\n\n\n\n<p><em>noch einige str\u00f6mten nach, w\u00e4hrend wir schon im Steig unterwegs waren<\/em><\/p>\n\n\n\n<p>Ansonsten gab ich volle 5*****. Allen \u201cAbratern\u201d, die Tour keinesfalls an einem sch\u00f6nen Wochenendtag zu machen, widerspreche ich hiermit ausdr\u00fccklich. (Nat\u00fcrlich kann es aber&nbsp; \u00fcbler laufen, als es uns heute lief).<\/p>\n\n\n\n<figure class=\"wp-block-image\"><a href=\"https:\/\/www.60ergang.at\/wordpress\/wp-content\/uploads\/2020\/08\/k-P1040029.jpg\"><img decoding=\"async\" src=\"https:\/\/www.60ergang.at\/wordpress\/wp-content\/uploads\/2020\/08\/k-P1040029_thumb.jpg\" alt=\"k-P1040029\" title=\"k-P1040029\"\/><\/a><\/figure>\n\n\n\n<figure class=\"wp-block-image\"><a href=\"https:\/\/www.60ergang.at\/wordpress\/wp-content\/uploads\/2020\/08\/k-P1040039.jpg\"><img decoding=\"async\" src=\"https:\/\/www.60ergang.at\/wordpress\/wp-content\/uploads\/2020\/08\/k-P1040039_thumb.jpg\" alt=\"k-P1040039\" title=\"k-P1040039\"\/><\/a><\/figure>\n\n\n\n<figure class=\"wp-block-image\"><a href=\"https:\/\/www.60ergang.at\/wordpress\/wp-content\/uploads\/2020\/08\/k-P1040040.jpg\"><img decoding=\"async\" src=\"https:\/\/www.60ergang.at\/wordpress\/wp-content\/uploads\/2020\/08\/k-P1040040_thumb.jpg\" alt=\"k-P1040040\" title=\"k-P1040040\"\/><\/a><\/figure>\n\n\n\n<p><em>das Ziel war w\u00e4hrend des Aufstieges immer pr\u00e4sent. Im Tal taucht der Eibsee auf. Die goldene \u201cGipfelmonstranz\u201d wurde nur im<\/em> <em>vorbeigehen fotografiert und es scheint zumindest HIER, dass sie einen Augenblick lang nur f\u00fcr uns da war.<\/em><\/p>\n\n\n\n<p><\/p>\n\n\n\n<p>Nachtrag: die Talfahrt mit der Bahn kostete \u20ac 35. Preiswert w\u00e4re meine Idee dazu (nicht zu verwechseln mit \u201cbillig\u201d).<\/p>\n\n\n\n<p>Wer nicht zahlen mag, kann ja 2200 H\u00f6henmeter zu Fu\u00df absteigen. Mit dem Seilbahnticket kann man den Zug von der Talstation&nbsp; Richtung Garmisch benutzen. F\u00fcr alle \u201cH\u00f6llentalaufsteiger\u201d&nbsp; hiermit die Info, retour zum Ausgangspunkt kommst Du mit dem Zug (umsteigen in Grainau nach Hammersbach \u2013 oder, wie wir es machten, von Grainau in 15 Min zu Fu\u00df zum Parkplatz)<\/p>\n\n\n\n<figure class=\"wp-block-image size-large\"><img loading=\"lazy\" decoding=\"async\" width=\"640\" height=\"553\" src=\"https:\/\/www.60ergang.at\/wordpress\/wp-content\/uploads\/2020\/08\/Kartenauszug_Zug_retour_Hammersbach-640x553.jpg\" alt=\"\" class=\"wp-image-20785\" title=\"Kartenauszug_Zug_retour_Hammersbach\" srcset=\"https:\/\/www.60ergang.at\/wordpress\/wp-content\/uploads\/2020\/08\/Kartenauszug_Zug_retour_Hammersbach-640x553.jpg 640w, https:\/\/www.60ergang.at\/wordpress\/wp-content\/uploads\/2020\/08\/Kartenauszug_Zug_retour_Hammersbach-400x346.jpg 400w, https:\/\/www.60ergang.at\/wordpress\/wp-content\/uploads\/2020\/08\/Kartenauszug_Zug_retour_Hammersbach.jpg 690w\" sizes=\"auto, (max-width: 640px) 100vw, 640px\" \/><\/figure>\n\n\n\n<p><\/p>\n\n\n\n<p>&nbsp;<\/p>\n\n\n\n<p>Mit dabei: Hannes, G\u00fcnther;<\/p>\n\n\n\n<p>&nbsp;Birgitz, 16.8.2020, Hilli<\/p>\n","protected":false},"excerpt":{"rendered":"<p>dass wir diese Tour ausgerechnet an einem sch\u00f6nen Sonntag gemacht haben, ist leicht erkl\u00e4rt:&nbsp; h\u00e4tten wir sie NICHT gemacht, w\u00e4re das einzig<\/p>\n","protected":false},"author":3,"featured_media":20787,"comment_status":"open","ping_status":"open","sticky":false,"template":"","format":"standard","meta":{"_uag_custom_page_level_css":"","footnotes":""},"categories":[7,6],"tags":[417],"class_list":["post-13561","post","type-post","status-publish","format-standard","has-post-thumbnail","hentry","category-berg","category-klettern","tag-zugspitze-hoellental"],"uagb_featured_image_src":{"full":["https:\/\/www.60ergang.at\/wordpress\/wp-content\/uploads\/2020\/08\/k-P1040041.jpg",1024,768,false],"thumbnail":["https:\/\/www.60ergang.at\/wordpress\/wp-content\/uploads\/2020\/08\/k-P1040041-150x150.jpg",150,150,true],"medium":["https:\/\/www.60ergang.at\/wordpress\/wp-content\/uploads\/2020\/08\/k-P1040041-400x300.jpg",400,300,true],"medium_large":["https:\/\/www.60ergang.at\/wordpress\/wp-content\/uploads\/2020\/08\/k-P1040041-768x576.jpg",768,576,true],"large":["https:\/\/www.60ergang.at\/wordpress\/wp-content\/uploads\/2020\/08\/k-P1040041-640x480.jpg",640,480,true],"1536x1536":["https:\/\/www.60ergang.at\/wordpress\/wp-content\/uploads\/2020\/08\/k-P1040041.jpg",1024,768,false],"2048x2048":["https:\/\/www.60ergang.at\/wordpress\/wp-content\/uploads\/2020\/08\/k-P1040041.jpg",1024,768,false],"post-thumbnail":["https:\/\/www.60ergang.at\/wordpress\/wp-content\/uploads\/2020\/08\/k-P1040041-1024x765.jpg",643,480,true],"worldstar-header-image":["https:\/\/www.60ergang.at\/wordpress\/wp-content\/uploads\/2020\/08\/k-P1040041.jpg",560,420,false],"worldstar-thumbnail-small":["https:\/\/www.60ergang.at\/wordpress\/wp-content\/uploads\/2020\/08\/k-P1040041.jpg",107,80,false],"tzwb-thumbnail":["https:\/\/www.60ergang.at\/wordpress\/wp-content\/uploads\/2020\/08\/k-P1040041-100x80.jpg",80,64,true]},"uagb_author_info":{"display_name":"Hilli","author_link":"https:\/\/www.60ergang.at\/wordpress\/author\/hilli\/"},"uagb_comment_info":2,"uagb_excerpt":"dass wir diese Tour ausgerechnet an einem sch\u00f6nen Sonntag gemacht haben, ist leicht erkl\u00e4rt:&nbsp; h\u00e4tten wir sie NICHT gemacht, w\u00e4re das einzig","_links":{"self":[{"href":"https:\/\/www.60ergang.at\/wordpress\/wp-json\/wp\/v2\/posts\/13561","targetHints":{"allow":["GET"]}}],"collection":[{"href":"https:\/\/www.60ergang.at\/wordpress\/wp-json\/wp\/v2\/posts"}],"about":[{"href":"https:\/\/www.60ergang.at\/wordpress\/wp-json\/wp\/v2\/types\/post"}],"author":[{"embeddable":true,"href":"https:\/\/www.60ergang.at\/wordpress\/wp-json\/wp\/v2\/users\/3"}],"replies":[{"embeddable":true,"href":"https:\/\/www.60ergang.at\/wordpress\/wp-json\/wp\/v2\/comments?post=13561"}],"version-history":[{"count":0,"href":"https:\/\/www.60ergang.at\/wordpress\/wp-json\/wp\/v2\/posts\/13561\/revisions"}],"wp:featuredmedia":[{"embeddable":true,"href":"https:\/\/www.60ergang.at\/wordpress\/wp-json\/wp\/v2\/media\/20787"}],"wp:attachment":[{"href":"https:\/\/www.60ergang.at\/wordpress\/wp-json\/wp\/v2\/media?parent=13561"}],"wp:term":[{"taxonomy":"category","embeddable":true,"href":"https:\/\/www.60ergang.at\/wordpress\/wp-json\/wp\/v2\/categories?post=13561"},{"taxonomy":"post_tag","embeddable":true,"href":"https:\/\/www.60ergang.at\/wordpress\/wp-json\/wp\/v2\/tags?post=13561"}],"curies":[{"name":"wp","href":"https:\/\/api.w.org\/{rel}","templated":true}]}}