{"id":24374,"date":"2026-08-29T21:08:10","date_gmt":"2026-08-29T19:08:10","guid":{"rendered":"https:\/\/www.60ergang.at\/wordpress\/?p=24374"},"modified":"2026-09-01T21:48:46","modified_gmt":"2026-09-01T19:48:46","slug":"stilfserjoch-radtag-stelvio-day-2026","status":"publish","type":"post","link":"https:\/\/www.60ergang.at\/wordpress\/stilfserjoch-radtag-stelvio-day-2026\/","title":{"rendered":"60erClassics: Stilfserjoch Radtag, Stelvio Day 2026"},"content":{"rendered":"<h1>Stilfserjoch Radtag, Stelvio Day 29.08.2026<\/h1>\n<p>Nach der Sella Ronda im Juni dieses Jahres, schnappen wir uns den n\u00e4chsten Klassiker &#8211; das Stilfserjoch. Die Anreise \u00fcber den Reschenpass bis Schluderns ist unkompliziert und nimmt zwei Stunden in Anspruch.<\/p>\n<p>Ein Auszug aus der offiziellen Homepage:<\/p>\n<div id=\"ctl23_ContentHGroup\" class=\"hgroup\">\n<h2 id=\"ctl23_ContentH2\"><em>48 atemberaubende Kehren und 1.869 H\u00f6henmeter mit dem Rad<\/em><\/h2>\n<\/div>\n<div class=\"content-text-item first\">\n<div id=\"ctl23_RepeaterTexts_ctl00_SiteContentContainer\" class=\"main-content\"><em>Die legend\u00e4re Passstra\u00dfe auf das Stilfserjoch wird f\u00fcr den motorisierten Verkehr gesperrt.\u00a0<strong>Die Stra\u00dfe geh\u00f6rt den Radfahrern!\u00a0<\/strong>Kein Radrennen, sondern: Dabei sein ist alles! Ziel der Radtour ist das 2.758 m hohe Stilfserjoch, einer der h\u00f6chsten befahrbaren Alpen\u00fcberg\u00e4nge.\u00a0<\/em><\/div>\n<div><\/div>\n<div><em><strong>Radtag Stilfserjoch 2026 &#8211; Ein neuer Rekord!<\/strong><\/em><br \/>\n<em>An der 24. Ausgabe des Radtags Stilfserjoch am 29. August 2026, haben bei idealen Wetterbedingungen insgesamt\u00a0<strong>18.600<\/strong>\u00a0Radfahrerinnen und Radfahrer teilgenommen. Davon waren es 11.500 Teilnehmende auf der S\u00fcdtiroler, 6.300 auf der lombardischen und 800 auf der Schweizer Seite. Ein gro\u00dfer Dank gilt allen, die am Radtag Stilfserjoch teilgenommen und mitgewirkt haben! Hier einige\u00a0<a title=\"Impressionen\" href=\"https:\/\/photos.google.com\/share\/AF1QipOXbc_VGUy2dU-_71dIyaVh3N-iUwp72ZRaV73tAVky63xPw1C-2BPbP-7pDtRzQg?key=WHVWZVQtdm9xSV9YV1QydFBmLTFKR1RKSC1IQm5B\">Impressionen<\/a>.<\/em><\/div>\n<div><\/div>\n<\/div>\n<div>Der <strong>Ausdauer- und H\u00f6hen- Bio-Rad-Fahrer<\/strong> wei\u00df, dass die knapp 2000 H\u00f6henmeter am Stilfser in einem St\u00fcck kein Lercherl&#8216; sind. Also Wadel&#8216; wieder einschmieren und Kondition gut einteilen.<\/div>\n<div><\/div>\n<div>Mit von der Partie sind heuer der Richy, der Maggo und der Fuzzi. Mit unseren Renn- bzw. Gravelger\u00e4ten nehmen wir zwischen den anderen 18.000 Vollfanaten den Kampf gegen den Berg auf. Der Berg und die Runde ist immer der\/die selbe und doch f\u00fchlt es sich jedes mal anders an.<\/div>\n<div>\n<figure id=\"attachment_24376\" aria-describedby=\"caption-attachment-24376\" style=\"width: 640px\" class=\"wp-caption alignnone\"><a href=\"https:\/\/www.60ergang.at\/wordpress\/wp-content\/uploads\/2026\/09\/img_20260829_092421-scaled.jpg\"><img loading=\"lazy\" decoding=\"async\" class=\"wp-image-24376 size-medium\" src=\"https:\/\/www.60ergang.at\/wordpress\/wp-content\/uploads\/2026\/09\/img_20260829_092421-640x288.jpg\" alt=\"\" width=\"640\" height=\"288\" srcset=\"https:\/\/www.60ergang.at\/wordpress\/wp-content\/uploads\/2026\/09\/img_20260829_092421-640x288.jpg 640w, https:\/\/www.60ergang.at\/wordpress\/wp-content\/uploads\/2026\/09\/img_20260829_092421-1024x461.jpg 1024w, https:\/\/www.60ergang.at\/wordpress\/wp-content\/uploads\/2026\/09\/img_20260829_092421-768x346.jpg 768w, https:\/\/www.60ergang.at\/wordpress\/wp-content\/uploads\/2026\/09\/img_20260829_092421-1536x691.jpg 1536w, https:\/\/www.60ergang.at\/wordpress\/wp-content\/uploads\/2026\/09\/img_20260829_092421-2048x922.jpg 2048w\" sizes=\"auto, (max-width: 640px) 100vw, 640px\" \/><\/a><figcaption id=\"caption-attachment-24376\" class=\"wp-caption-text\">In Prad am &#8222;Startgel\u00e4nde&#8220; bei bester Stimmung<\/figcaption><\/figure>\n<p>Wie eigentlich die letzten Jahre \u00fcblich, starten wir in Schluderns und pedalieren uns \u00fcber den Radweg nach Prad warm. Die ersten Kilometer gehen gem\u00fctlich bergan und recht kurzweilig ist Gomagoi erreicht.<\/p>\n<figure id=\"attachment_24377\" aria-describedby=\"caption-attachment-24377\" style=\"width: 360px\" class=\"wp-caption alignnone\"><img loading=\"lazy\" decoding=\"async\" class=\"wp-image-24377 size-medium\" src=\"https:\/\/www.60ergang.at\/wordpress\/wp-content\/uploads\/2026\/09\/img-20260829-wa0000-360x480.jpg\" alt=\"\" width=\"360\" height=\"480\" srcset=\"https:\/\/www.60ergang.at\/wordpress\/wp-content\/uploads\/2026\/09\/img-20260829-wa0000-360x480.jpg 360w, https:\/\/www.60ergang.at\/wordpress\/wp-content\/uploads\/2026\/09\/img-20260829-wa0000-576x768.jpg 576w, https:\/\/www.60ergang.at\/wordpress\/wp-content\/uploads\/2026\/09\/img-20260829-wa0000-768x1024.jpg 768w, https:\/\/www.60ergang.at\/wordpress\/wp-content\/uploads\/2026\/09\/img-20260829-wa0000-1152x1536.jpg 1152w, https:\/\/www.60ergang.at\/wordpress\/wp-content\/uploads\/2026\/09\/img-20260829-wa0000.jpg 1200w\" sizes=\"auto, (max-width: 360px) 100vw, 360px\" \/><figcaption id=\"caption-attachment-24377\" class=\"wp-caption-text\">Fotoposing in Gomagoi<\/figcaption><\/figure>\n<p>Trinkflaschen am Brunnen f\u00fcllen, Riegel einwerfen und weiter im Takt. Gleichm\u00e4\u00dfiges Pedalieren macht Sinn um st\u00e4ndiges Gequatsche zu erm\u00f6glichen. Wer viel Quatscht, der hat viel Durst, der muss viel Trinken \ud83d\ude42<\/p>\n<p>Trafoi ist bald erreicht, einen h\u00f6flichen Gru\u00df an Gustav Th\u00f6ni (ein Schiheld aus meiner Jugendzeit) und weiter im Tritt.<\/p>\n<div id='gallery-1' class='gallery galleryid-24374 gallery-columns-3 gallery-size-thumbnail'><figure class='gallery-item'>\n\t\t\t<div class='gallery-icon portrait'>\n\t\t\t\t<a href='https:\/\/www.60ergang.at\/wordpress\/wp-content\/uploads\/2026\/09\/img-20260829-wa0053-scaled.jpg'><img loading=\"lazy\" decoding=\"async\" width=\"320\" height=\"320\" src=\"https:\/\/www.60ergang.at\/wordpress\/wp-content\/uploads\/2026\/09\/img-20260829-wa0053-320x320.jpg\" class=\"attachment-thumbnail size-thumbnail\" alt=\"\" aria-describedby=\"gallery-1-24388\" srcset=\"https:\/\/www.60ergang.at\/wordpress\/wp-content\/uploads\/2026\/09\/img-20260829-wa0053-320x320.jpg 320w, https:\/\/www.60ergang.at\/wordpress\/wp-content\/uploads\/2026\/09\/img-20260829-wa0053-80x80.jpg 80w\" sizes=\"auto, (max-width: 320px) 100vw, 320px\" \/><\/a>\n\t\t\t<\/div>\n\t\t\t\t<figcaption class='wp-caption-text gallery-caption' id='gallery-1-24388'>\n\t\t\t\tSalve Gustav Th\u00f6ni\n\t\t\t\t<\/figcaption><\/figure><figure class='gallery-item'>\n\t\t\t<div class='gallery-icon portrait'>\n\t\t\t\t<a href='https:\/\/www.60ergang.at\/wordpress\/wp-content\/uploads\/2026\/09\/img-20260829-wa0025-scaled.jpg'><img loading=\"lazy\" decoding=\"async\" width=\"320\" height=\"320\" src=\"https:\/\/www.60ergang.at\/wordpress\/wp-content\/uploads\/2026\/09\/img-20260829-wa0025-320x320.jpg\" class=\"attachment-thumbnail size-thumbnail\" alt=\"\" aria-describedby=\"gallery-1-24383\" srcset=\"https:\/\/www.60ergang.at\/wordpress\/wp-content\/uploads\/2026\/09\/img-20260829-wa0025-320x320.jpg 320w, https:\/\/www.60ergang.at\/wordpress\/wp-content\/uploads\/2026\/09\/img-20260829-wa0025-80x80.jpg 80w\" sizes=\"auto, (max-width: 320px) 100vw, 320px\" \/><\/a>\n\t\t\t<\/div>\n\t\t\t\t<figcaption class='wp-caption-text gallery-caption' id='gallery-1-24383'>\n\t\t\t\tOrtler Blick ohne Fernglas\n\t\t\t\t<\/figcaption><\/figure><figure class='gallery-item'>\n\t\t\t<div class='gallery-icon portrait'>\n\t\t\t\t<a href='https:\/\/www.60ergang.at\/wordpress\/wp-content\/uploads\/2026\/09\/img-20260829-wa0049-scaled.jpg'><img loading=\"lazy\" decoding=\"async\" width=\"320\" height=\"320\" src=\"https:\/\/www.60ergang.at\/wordpress\/wp-content\/uploads\/2026\/09\/img-20260829-wa0049-320x320.jpg\" class=\"attachment-thumbnail size-thumbnail\" alt=\"\" aria-describedby=\"gallery-1-24387\" srcset=\"https:\/\/www.60ergang.at\/wordpress\/wp-content\/uploads\/2026\/09\/img-20260829-wa0049-320x320.jpg 320w, https:\/\/www.60ergang.at\/wordpress\/wp-content\/uploads\/2026\/09\/img-20260829-wa0049-80x80.jpg 80w\" sizes=\"auto, (max-width: 320px) 100vw, 320px\" \/><\/a>\n\t\t\t<\/div>\n\t\t\t\t<figcaption class='wp-caption-text gallery-caption' id='gallery-1-24387'>\n\t\t\t\tOrtler Blick mit Fernglas\n\t\t\t\t<\/figcaption><\/figure>\n\t\t<\/div>\n\n<p>An dieser Stelle m\u00f6chte ich anmerken, dass eine Totalsperre mehrerer Alpenstra\u00dfen auf das Stilfserjoch von S\u00fcdtiroler-, Lombardischer- und Schweizerseite offensichtlich in dieser Region kein Problem darstellt. Siehe auch die Sella Ronda. Eine vergleichbare Veranstaltung (kein Rennen) ist mir in Tirol eigentlich nicht bekannt. W\u00e4re doch ein Autofreier Tag in z. B. der Region Sellrain, L\u00fcsens, K\u00fchtai eine gute Idee und sicherlich auch ein gutes Gesch\u00e4ft f\u00fcr die umliegende Gastronomie.<\/p>\n<div id='gallery-2' class='gallery galleryid-24374 gallery-columns-3 gallery-size-thumbnail'><figure class='gallery-item'>\n\t\t\t<div class='gallery-icon portrait'>\n\t\t\t\t<a href='https:\/\/www.60ergang.at\/wordpress\/wp-content\/uploads\/2026\/09\/img-20260829-wa0039-scaled.jpg'><img loading=\"lazy\" decoding=\"async\" width=\"320\" height=\"320\" src=\"https:\/\/www.60ergang.at\/wordpress\/wp-content\/uploads\/2026\/09\/img-20260829-wa0039-320x320.jpg\" class=\"attachment-thumbnail size-thumbnail\" alt=\"\" aria-describedby=\"gallery-2-24385\" srcset=\"https:\/\/www.60ergang.at\/wordpress\/wp-content\/uploads\/2026\/09\/img-20260829-wa0039-320x320.jpg 320w, https:\/\/www.60ergang.at\/wordpress\/wp-content\/uploads\/2026\/09\/img-20260829-wa0039-80x80.jpg 80w\" sizes=\"auto, (max-width: 320px) 100vw, 320px\" \/><\/a>\n\t\t\t<\/div>\n\t\t\t\t<figcaption class='wp-caption-text gallery-caption' id='gallery-2-24385'>\n\t\t\t\tMaggo on the way\n\t\t\t\t<\/figcaption><\/figure><figure class='gallery-item'>\n\t\t\t<div class='gallery-icon portrait'>\n\t\t\t\t<a href='https:\/\/www.60ergang.at\/wordpress\/wp-content\/uploads\/2026\/09\/img-20260829-wa0005.jpg'><img loading=\"lazy\" decoding=\"async\" width=\"320\" height=\"320\" src=\"https:\/\/www.60ergang.at\/wordpress\/wp-content\/uploads\/2026\/09\/img-20260829-wa0005-320x320.jpg\" class=\"attachment-thumbnail size-thumbnail\" alt=\"\" aria-describedby=\"gallery-2-24378\" srcset=\"https:\/\/www.60ergang.at\/wordpress\/wp-content\/uploads\/2026\/09\/img-20260829-wa0005-320x320.jpg 320w, https:\/\/www.60ergang.at\/wordpress\/wp-content\/uploads\/2026\/09\/img-20260829-wa0005-80x80.jpg 80w\" sizes=\"auto, (max-width: 320px) 100vw, 320px\" \/><\/a>\n\t\t\t<\/div>\n\t\t\t\t<figcaption class='wp-caption-text gallery-caption' id='gallery-2-24378'>\n\t\t\t\tOrtler schauen mit Richy und Fuzzi\n\t\t\t\t<\/figcaption><\/figure><figure class='gallery-item'>\n\t\t\t<div class='gallery-icon portrait'>\n\t\t\t\t<a href='https:\/\/www.60ergang.at\/wordpress\/wp-content\/uploads\/2026\/09\/img-20260829-wa0006.jpg'><img loading=\"lazy\" decoding=\"async\" width=\"320\" height=\"320\" src=\"https:\/\/www.60ergang.at\/wordpress\/wp-content\/uploads\/2026\/09\/img-20260829-wa0006-320x320.jpg\" class=\"attachment-thumbnail size-thumbnail\" alt=\"\" aria-describedby=\"gallery-2-24379\" srcset=\"https:\/\/www.60ergang.at\/wordpress\/wp-content\/uploads\/2026\/09\/img-20260829-wa0006-320x320.jpg 320w, https:\/\/www.60ergang.at\/wordpress\/wp-content\/uploads\/2026\/09\/img-20260829-wa0006-80x80.jpg 80w\" sizes=\"auto, (max-width: 320px) 100vw, 320px\" \/><\/a>\n\t\t\t<\/div>\n\t\t\t\t<figcaption class='wp-caption-text gallery-caption' id='gallery-2-24379'>\n\t\t\t\tes ist nicht mehr so weit wie es war\n\t\t\t\t<\/figcaption><\/figure><figure class='gallery-item'>\n\t\t\t<div class='gallery-icon portrait'>\n\t\t\t\t<a href='https:\/\/www.60ergang.at\/wordpress\/wp-content\/uploads\/2026\/09\/img-20260831-wa0007.jpg'><img loading=\"lazy\" decoding=\"async\" width=\"320\" height=\"320\" src=\"https:\/\/www.60ergang.at\/wordpress\/wp-content\/uploads\/2026\/09\/img-20260831-wa0007-320x320.jpg\" class=\"attachment-thumbnail size-thumbnail\" alt=\"\" aria-describedby=\"gallery-2-24394\" srcset=\"https:\/\/www.60ergang.at\/wordpress\/wp-content\/uploads\/2026\/09\/img-20260831-wa0007-320x320.jpg 320w, https:\/\/www.60ergang.at\/wordpress\/wp-content\/uploads\/2026\/09\/img-20260831-wa0007-80x80.jpg 80w\" sizes=\"auto, (max-width: 320px) 100vw, 320px\" \/><\/a>\n\t\t\t<\/div>\n\t\t\t\t<figcaption class='wp-caption-text gallery-caption' id='gallery-2-24394'>\n\t\t\t\tRichy to go \ud83d\ude42\n\t\t\t\t<\/figcaption><\/figure><figure class='gallery-item'>\n\t\t\t<div class='gallery-icon portrait'>\n\t\t\t\t<a href='https:\/\/www.60ergang.at\/wordpress\/wp-content\/uploads\/2026\/09\/img-20260829-wa0057-scaled.jpg'><img loading=\"lazy\" decoding=\"async\" width=\"320\" height=\"320\" src=\"https:\/\/www.60ergang.at\/wordpress\/wp-content\/uploads\/2026\/09\/img-20260829-wa0057-320x320.jpg\" class=\"attachment-thumbnail size-thumbnail\" alt=\"\" aria-describedby=\"gallery-2-24389\" srcset=\"https:\/\/www.60ergang.at\/wordpress\/wp-content\/uploads\/2026\/09\/img-20260829-wa0057-320x320.jpg 320w, https:\/\/www.60ergang.at\/wordpress\/wp-content\/uploads\/2026\/09\/img-20260829-wa0057-80x80.jpg 80w\" sizes=\"auto, (max-width: 320px) 100vw, 320px\" \/><\/a>\n\t\t\t<\/div>\n\t\t\t\t<figcaption class='wp-caption-text gallery-caption' id='gallery-2-24389'>\n\t\t\t\tAusl\u00fcften beim Ortler\n\t\t\t\t<\/figcaption><\/figure><figure class='gallery-item'>\n\t\t\t<div class='gallery-icon portrait'>\n\t\t\t\t<a href='https:\/\/www.60ergang.at\/wordpress\/wp-content\/uploads\/2026\/09\/img-20260829-wa0021-scaled.jpg'><img loading=\"lazy\" decoding=\"async\" width=\"320\" height=\"320\" src=\"https:\/\/www.60ergang.at\/wordpress\/wp-content\/uploads\/2026\/09\/img-20260829-wa0021-320x320.jpg\" class=\"attachment-thumbnail size-thumbnail\" alt=\"\" aria-describedby=\"gallery-2-24381\" srcset=\"https:\/\/www.60ergang.at\/wordpress\/wp-content\/uploads\/2026\/09\/img-20260829-wa0021-320x320.jpg 320w, https:\/\/www.60ergang.at\/wordpress\/wp-content\/uploads\/2026\/09\/img-20260829-wa0021-80x80.jpg 80w\" sizes=\"auto, (max-width: 320px) 100vw, 320px\" \/><\/a>\n\t\t\t<\/div>\n\t\t\t\t<figcaption class='wp-caption-text gallery-caption' id='gallery-2-24381'>\n\t\t\t\tStart in Prad am Stilfserjoch\n\t\t\t\t<\/figcaption><\/figure>\n\t\t<\/div>\n\n<p>Die Franzensh\u00f6he aus Sicht der Kehre 26 ist erreicht. Der Blick hoch zum Joch, es ist noch ein gutes St\u00fcck.<\/p>\n<figure id=\"attachment_24390\" aria-describedby=\"caption-attachment-24390\" style=\"width: 640px\" class=\"wp-caption alignnone\"><a href=\"https:\/\/www.60ergang.at\/wordpress\/wp-content\/uploads\/2026\/09\/img-20260831-wa0001.jpg\"><img loading=\"lazy\" decoding=\"async\" class=\"wp-image-24390 size-medium\" src=\"https:\/\/www.60ergang.at\/wordpress\/wp-content\/uploads\/2026\/09\/img-20260831-wa0001-640x480.jpg\" alt=\"\" width=\"640\" height=\"480\" srcset=\"https:\/\/www.60ergang.at\/wordpress\/wp-content\/uploads\/2026\/09\/img-20260831-wa0001-640x480.jpg 640w, https:\/\/www.60ergang.at\/wordpress\/wp-content\/uploads\/2026\/09\/img-20260831-wa0001-1024x768.jpg 1024w, https:\/\/www.60ergang.at\/wordpress\/wp-content\/uploads\/2026\/09\/img-20260831-wa0001-768x576.jpg 768w, https:\/\/www.60ergang.at\/wordpress\/wp-content\/uploads\/2026\/09\/img-20260831-wa0001-1536x1152.jpg 1536w, https:\/\/www.60ergang.at\/wordpress\/wp-content\/uploads\/2026\/09\/img-20260831-wa0001.jpg 1600w\" sizes=\"auto, (max-width: 640px) 100vw, 640px\" \/><\/a><figcaption id=\"caption-attachment-24390\" class=\"wp-caption-text\">Der Blick zum Joch kann auch demotivierend sein, je nachdem \ud83d\ude09<\/figcaption><\/figure>\n<p>Im Anschluss kommt die erste Labestation. Respekt und molto Grazie f\u00fcr die kostenlose Verpflegung an dieser Stelle. \u00c4pfel, Bananen, Zucker, Tee, Fruchtsaft, alles was das Radlerherz begehrt. Frisch aufgetankt f\u00e4hrt es sich leichter. Nat\u00fcrlich kommt es bei so vielen Menschen zu der ein und anderen verzichtbaren Situation, ein kleiner Auszug was wir heute erleben durften:<\/p>\n<ul>\n<li>E-Biker \u00fcberholen offensichtlich gerne rechts au\u00dfen, obwohl ich eigentlich bereits rechts au\u00dfen fahre<\/li>\n<li>E-Biker \u00fcberholen dich links, schneiden vor dir rechts rein und bleiben dann spontan vor dir stehen<\/li>\n<li>E-Biker \u00fcberholen dich in den Rechtskehren am Scheitel rechts innen und ziehen dann auf deine Spur nach links<\/li>\n<li>E-Biker \u00fcberholen dich in den Linkskehren rechts au\u00dfen und ziehen dann auf deine Spur nach links innen<\/li>\n<\/ul>\n<p>Obige Beschreibungen lassen sich nat\u00fcrlich sinngem\u00e4\u00df auch auf Bio-Biker \u00fcbertragen, aber eigentlich Nein!<\/p>\n<p>Anmerkung der Redaktion: Linkskehren sind absch\u00fcssig d. h. du machst rechts au\u00dfen wesentlich mehr H\u00f6he als links innen. Du f\u00e4hrst also in der Kehre wieder talw\u00e4rts bevor es wieder nach oben geht. Der H\u00f6henunterschied f\u00e4llt bei Rechtskehren nicht so stark aus, daf\u00fcr ist der Knick im kleinen Radius st\u00e4rker. Dieser physikalische Umstand kann f\u00fcr den ein oder anderen Stra\u00dfenben\u00fctzer zum Problem werden. Siehe dazu unz\u00e4hlige <a href=\"https:\/\/www.youtube.com\/results?search_query=stilfser+joch+fail\">Videos auf YouTube, Stichwort Stilfser Joch Fail.<\/a><\/p>\n<p>Kehre f\u00fcr Kehre ziehen wir nach Oben und bei der Labestation 2 wird kurz verweilt und getankt. Die letzten 8 Kehren sind dann in kurzen Abst\u00e4nden, der Pass dadurch recht flott erreicht.<\/p>\n<figure id=\"attachment_24391\" aria-describedby=\"caption-attachment-24391\" style=\"width: 360px\" class=\"wp-caption alignnone\"><a href=\"https:\/\/www.60ergang.at\/wordpress\/wp-content\/uploads\/2026\/09\/img-20260831-wa0002.jpg\"><img loading=\"lazy\" decoding=\"async\" class=\"wp-image-24391 size-medium\" src=\"https:\/\/www.60ergang.at\/wordpress\/wp-content\/uploads\/2026\/09\/img-20260831-wa0002-360x480.jpg\" alt=\"\" width=\"360\" height=\"480\" srcset=\"https:\/\/www.60ergang.at\/wordpress\/wp-content\/uploads\/2026\/09\/img-20260831-wa0002-360x480.jpg 360w, https:\/\/www.60ergang.at\/wordpress\/wp-content\/uploads\/2026\/09\/img-20260831-wa0002-576x768.jpg 576w, https:\/\/www.60ergang.at\/wordpress\/wp-content\/uploads\/2026\/09\/img-20260831-wa0002-768x1024.jpg 768w, https:\/\/www.60ergang.at\/wordpress\/wp-content\/uploads\/2026\/09\/img-20260831-wa0002-1152x1536.jpg 1152w, https:\/\/www.60ergang.at\/wordpress\/wp-content\/uploads\/2026\/09\/img-20260831-wa0002.jpg 1200w\" sizes=\"auto, (max-width: 360px) 100vw, 360px\" \/><\/a><figcaption id=\"caption-attachment-24391\" class=\"wp-caption-text\">DER Blick zur\u00fcck, der Weg war weit<\/figcaption><\/figure>\n<p>Bei Bombenwetter herrscht auch Bombenstimmung am Joch. Wir durchqueren den Tumult und finden auf der anderen Passseite ein Pl\u00e4tzchen zum Rasten und Plaudern.<\/p>\n<figure id=\"attachment_24386\" aria-describedby=\"caption-attachment-24386\" style=\"width: 640px\" class=\"wp-caption alignnone\"><a href=\"https:\/\/www.60ergang.at\/wordpress\/wp-content\/uploads\/2026\/09\/img-20260829-wa0041-scaled.jpg\"><img loading=\"lazy\" decoding=\"async\" class=\"wp-image-24386 size-medium\" src=\"https:\/\/www.60ergang.at\/wordpress\/wp-content\/uploads\/2026\/09\/img-20260829-wa0041-640x480.jpg\" alt=\"\" width=\"640\" height=\"480\" srcset=\"https:\/\/www.60ergang.at\/wordpress\/wp-content\/uploads\/2026\/09\/img-20260829-wa0041-640x480.jpg 640w, https:\/\/www.60ergang.at\/wordpress\/wp-content\/uploads\/2026\/09\/img-20260829-wa0041-1024x768.jpg 1024w, https:\/\/www.60ergang.at\/wordpress\/wp-content\/uploads\/2026\/09\/img-20260829-wa0041-768x576.jpg 768w, https:\/\/www.60ergang.at\/wordpress\/wp-content\/uploads\/2026\/09\/img-20260829-wa0041-1536x1152.jpg 1536w, https:\/\/www.60ergang.at\/wordpress\/wp-content\/uploads\/2026\/09\/img-20260829-wa0041-2048x1536.jpg 2048w\" sizes=\"auto, (max-width: 640px) 100vw, 640px\" \/><\/a><figcaption id=\"caption-attachment-24386\" class=\"wp-caption-text\">(H\u00f6hen) Ziel erreicht; 3 Happy 2 gether<\/figcaption><\/figure>\n<figure id=\"attachment_24392\" aria-describedby=\"caption-attachment-24392\" style=\"width: 360px\" class=\"wp-caption alignnone\"><a href=\"https:\/\/www.60ergang.at\/wordpress\/wp-content\/uploads\/2026\/09\/img-20260831-wa0003.jpg\"><img loading=\"lazy\" decoding=\"async\" class=\"wp-image-24392 size-medium\" src=\"https:\/\/www.60ergang.at\/wordpress\/wp-content\/uploads\/2026\/09\/img-20260831-wa0003-360x480.jpg\" alt=\"\" width=\"360\" height=\"480\" srcset=\"https:\/\/www.60ergang.at\/wordpress\/wp-content\/uploads\/2026\/09\/img-20260831-wa0003-360x480.jpg 360w, https:\/\/www.60ergang.at\/wordpress\/wp-content\/uploads\/2026\/09\/img-20260831-wa0003-576x768.jpg 576w, https:\/\/www.60ergang.at\/wordpress\/wp-content\/uploads\/2026\/09\/img-20260831-wa0003-768x1024.jpg 768w, https:\/\/www.60ergang.at\/wordpress\/wp-content\/uploads\/2026\/09\/img-20260831-wa0003-1152x1536.jpg 1152w, https:\/\/www.60ergang.at\/wordpress\/wp-content\/uploads\/2026\/09\/img-20260831-wa0003.jpg 1200w\" sizes=\"auto, (max-width: 360px) 100vw, 360px\" \/><\/a><figcaption id=\"caption-attachment-24392\" class=\"wp-caption-text\">Passo Stelvio<\/figcaption><\/figure>\n<p>Wir machen uns fertig f\u00fcr die Abfahrt ins M\u00fcnstertal. Doch vorher geht es Richtung Umbrailpass. Achtung, daf\u00fcr rechts abbiegen, nicht nach links Richtung Bormio. Da w\u00e4re die Runde dann etwas ausgiebiger :-). Aus Richtung Bormio bl\u00e4st uns jetzt ein eisiger Wind entgegen.<\/p>\n<figure id=\"attachment_24382\" aria-describedby=\"caption-attachment-24382\" style=\"width: 640px\" class=\"wp-caption alignnone\"><a href=\"https:\/\/www.60ergang.at\/wordpress\/wp-content\/uploads\/2026\/09\/img-20260829-wa0023-scaled.jpg\"><img loading=\"lazy\" decoding=\"async\" class=\"wp-image-24382 size-medium\" src=\"https:\/\/www.60ergang.at\/wordpress\/wp-content\/uploads\/2026\/09\/img-20260829-wa0023-640x296.jpg\" alt=\"\" width=\"640\" height=\"296\" srcset=\"https:\/\/www.60ergang.at\/wordpress\/wp-content\/uploads\/2026\/09\/img-20260829-wa0023-640x296.jpg 640w, https:\/\/www.60ergang.at\/wordpress\/wp-content\/uploads\/2026\/09\/img-20260829-wa0023-1024x473.jpg 1024w, https:\/\/www.60ergang.at\/wordpress\/wp-content\/uploads\/2026\/09\/img-20260829-wa0023-768x355.jpg 768w, https:\/\/www.60ergang.at\/wordpress\/wp-content\/uploads\/2026\/09\/img-20260829-wa0023-1536x710.jpg 1536w, https:\/\/www.60ergang.at\/wordpress\/wp-content\/uploads\/2026\/09\/img-20260829-wa0023-2048x946.jpg 2048w\" sizes=\"auto, (max-width: 640px) 100vw, 640px\" \/><\/a><figcaption id=\"caption-attachment-24382\" class=\"wp-caption-text\">Auf zur Abfahrt<\/figcaption><\/figure>\n<p>Ab dem Umbrail wird es wieder angenehmer. Der zapfige Wind hat sich beruhigt.<\/p>\n<figure id=\"attachment_24393\" aria-describedby=\"caption-attachment-24393\" style=\"width: 360px\" class=\"wp-caption alignnone\"><a href=\"https:\/\/www.60ergang.at\/wordpress\/wp-content\/uploads\/2026\/09\/img-20260831-wa0006.jpg\"><img loading=\"lazy\" decoding=\"async\" class=\"wp-image-24393 size-medium\" src=\"https:\/\/www.60ergang.at\/wordpress\/wp-content\/uploads\/2026\/09\/img-20260831-wa0006-360x480.jpg\" alt=\"\" width=\"360\" height=\"480\" srcset=\"https:\/\/www.60ergang.at\/wordpress\/wp-content\/uploads\/2026\/09\/img-20260831-wa0006-360x480.jpg 360w, https:\/\/www.60ergang.at\/wordpress\/wp-content\/uploads\/2026\/09\/img-20260831-wa0006-576x768.jpg 576w, https:\/\/www.60ergang.at\/wordpress\/wp-content\/uploads\/2026\/09\/img-20260831-wa0006-768x1024.jpg 768w, https:\/\/www.60ergang.at\/wordpress\/wp-content\/uploads\/2026\/09\/img-20260831-wa0006-1152x1536.jpg 1152w, https:\/\/www.60ergang.at\/wordpress\/wp-content\/uploads\/2026\/09\/img-20260831-wa0006.jpg 1200w\" sizes=\"auto, (max-width: 360px) 100vw, 360px\" \/><\/a><figcaption id=\"caption-attachment-24393\" class=\"wp-caption-text\">Umbrail Pass Richtung Val M\u00fcster<\/figcaption><\/figure>\n<p>Die Kehren fliegen an uns vorbei (ich glaube es hat uns niemand \u00fcberholt) und so stehen wir bald in Santa Maria im M\u00fcnstertal. Hier ist die Ortseinfahrt gesperrt und es wird nach rechts \u00fcber einen Feldweg umgeleitet. Kurz danach fahren wir wieder auf der Landestra\u00dfe talausw\u00e4rts. Wir wechseln uns mit der F\u00fchrungsarbeit und der Rest der Truppe (Truppe ist gut, also 2) pedaliert fein im Windschatten. Bald passieren wir ohne Stopp die Landesgrenze und machen die letzten Kilometer auf der SS41 bis Glurns.<\/p>\n<p>Dort versuchen wir beim <strong>Bayers Imbiss<\/strong> etwas zu Jausnen, was uns bei dem Andrang von dutzenden hungrigen Radfahrern nicht gelingt. Nach Auskunft des Imbiss Personals sollte es mindestens eine halbe Stunde dauern. So lange k\u00f6nnen wir nicht warten und so treten wir wieder in die Pedale und machen die letzten Kilometer \u00fcber den Radweg bis zu unserem Ausgangspunkt nach Schluderns.<\/p>\n<figure id=\"attachment_24384\" aria-describedby=\"caption-attachment-24384\" style=\"width: 222px\" class=\"wp-caption alignnone\"><a href=\"https:\/\/www.60ergang.at\/wordpress\/wp-content\/uploads\/2026\/09\/img-20260829-wa0031-scaled.jpg\"><img loading=\"lazy\" decoding=\"async\" class=\"wp-image-24384 size-medium\" src=\"https:\/\/www.60ergang.at\/wordpress\/wp-content\/uploads\/2026\/09\/img-20260829-wa0031-222x480.jpg\" alt=\"\" width=\"222\" height=\"480\" srcset=\"https:\/\/www.60ergang.at\/wordpress\/wp-content\/uploads\/2026\/09\/img-20260829-wa0031-222x480.jpg 222w, https:\/\/www.60ergang.at\/wordpress\/wp-content\/uploads\/2026\/09\/img-20260829-wa0031-355x768.jpg 355w, https:\/\/www.60ergang.at\/wordpress\/wp-content\/uploads\/2026\/09\/img-20260829-wa0031-768x1662.jpg 768w, https:\/\/www.60ergang.at\/wordpress\/wp-content\/uploads\/2026\/09\/img-20260829-wa0031-710x1536.jpg 710w, https:\/\/www.60ergang.at\/wordpress\/wp-content\/uploads\/2026\/09\/img-20260829-wa0031-946x2048.jpg 946w, https:\/\/www.60ergang.at\/wordpress\/wp-content\/uploads\/2026\/09\/img-20260829-wa0031-scaled.jpg 1183w\" sizes=\"auto, (max-width: 222px) 100vw, 222px\" \/><\/a><figcaption id=\"caption-attachment-24384\" class=\"wp-caption-text\">die letzten Meter zur\u00fcck nach Schluderns<\/figcaption><\/figure>\n<p>Beim <strong>Imbiss Schluderns<\/strong> k\u00f6nnen wir endlich unseren Hunger stillen. Bei alkoholfreiem Bier, Fritten und Burger (genau das richtige nach dieser Runde) lassen wir es uns gut gehen.<\/p>\n<div id='gallery-3' class='gallery galleryid-24374 gallery-columns-3 gallery-size-thumbnail'><figure class='gallery-item'>\n\t\t\t<div class='gallery-icon landscape'>\n\t\t\t\t<a href='https:\/\/www.60ergang.at\/wordpress\/wp-content\/uploads\/2026\/09\/img_20260829_092421-scaled.jpg'><img loading=\"lazy\" decoding=\"async\" width=\"320\" height=\"320\" src=\"https:\/\/www.60ergang.at\/wordpress\/wp-content\/uploads\/2026\/09\/img_20260829_092421-320x320.jpg\" class=\"attachment-thumbnail size-thumbnail\" alt=\"\" aria-describedby=\"gallery-3-24376\" srcset=\"https:\/\/www.60ergang.at\/wordpress\/wp-content\/uploads\/2026\/09\/img_20260829_092421-320x320.jpg 320w, https:\/\/www.60ergang.at\/wordpress\/wp-content\/uploads\/2026\/09\/img_20260829_092421-80x80.jpg 80w\" sizes=\"auto, (max-width: 320px) 100vw, 320px\" \/><\/a>\n\t\t\t<\/div>\n\t\t\t\t<figcaption class='wp-caption-text gallery-caption' id='gallery-3-24376'>\n\t\t\t\tGute Stimmung in Prad\n\t\t\t\t<\/figcaption><\/figure><figure class='gallery-item'>\n\t\t\t<div class='gallery-icon portrait'>\n\t\t\t\t<a href='https:\/\/www.60ergang.at\/wordpress\/wp-content\/uploads\/2026\/09\/img-20260829-wa0000.jpg'><img loading=\"lazy\" decoding=\"async\" width=\"320\" height=\"320\" src=\"https:\/\/www.60ergang.at\/wordpress\/wp-content\/uploads\/2026\/09\/img-20260829-wa0000-320x320.jpg\" class=\"attachment-thumbnail size-thumbnail\" alt=\"\" aria-describedby=\"gallery-3-24377\" srcset=\"https:\/\/www.60ergang.at\/wordpress\/wp-content\/uploads\/2026\/09\/img-20260829-wa0000-320x320.jpg 320w, https:\/\/www.60ergang.at\/wordpress\/wp-content\/uploads\/2026\/09\/img-20260829-wa0000-80x80.jpg 80w\" sizes=\"auto, (max-width: 320px) 100vw, 320px\" \/><\/a>\n\t\t\t<\/div>\n\t\t\t\t<figcaption class='wp-caption-text gallery-caption' id='gallery-3-24377'>\n\t\t\t\tStopp in Gomagoi\n\t\t\t\t<\/figcaption><\/figure><figure class='gallery-item'>\n\t\t\t<div class='gallery-icon portrait'>\n\t\t\t\t<a href='https:\/\/www.60ergang.at\/wordpress\/wp-content\/uploads\/2026\/09\/img-20260829-wa0005.jpg'><img loading=\"lazy\" decoding=\"async\" width=\"320\" height=\"320\" src=\"https:\/\/www.60ergang.at\/wordpress\/wp-content\/uploads\/2026\/09\/img-20260829-wa0005-320x320.jpg\" class=\"attachment-thumbnail size-thumbnail\" alt=\"\" aria-describedby=\"gallery-3-24378\" srcset=\"https:\/\/www.60ergang.at\/wordpress\/wp-content\/uploads\/2026\/09\/img-20260829-wa0005-320x320.jpg 320w, https:\/\/www.60ergang.at\/wordpress\/wp-content\/uploads\/2026\/09\/img-20260829-wa0005-80x80.jpg 80w\" sizes=\"auto, (max-width: 320px) 100vw, 320px\" \/><\/a>\n\t\t\t<\/div>\n\t\t\t\t<figcaption class='wp-caption-text gallery-caption' id='gallery-3-24378'>\n\t\t\t\tOrtler schauen mit Richy und Fuzzi\n\t\t\t\t<\/figcaption><\/figure><figure class='gallery-item'>\n\t\t\t<div class='gallery-icon portrait'>\n\t\t\t\t<a href='https:\/\/www.60ergang.at\/wordpress\/wp-content\/uploads\/2026\/09\/img-20260829-wa0057-scaled.jpg'><img loading=\"lazy\" decoding=\"async\" width=\"320\" height=\"320\" src=\"https:\/\/www.60ergang.at\/wordpress\/wp-content\/uploads\/2026\/09\/img-20260829-wa0057-320x320.jpg\" class=\"attachment-thumbnail size-thumbnail\" alt=\"\" aria-describedby=\"gallery-3-24389\" srcset=\"https:\/\/www.60ergang.at\/wordpress\/wp-content\/uploads\/2026\/09\/img-20260829-wa0057-320x320.jpg 320w, https:\/\/www.60ergang.at\/wordpress\/wp-content\/uploads\/2026\/09\/img-20260829-wa0057-80x80.jpg 80w\" sizes=\"auto, (max-width: 320px) 100vw, 320px\" \/><\/a>\n\t\t\t<\/div>\n\t\t\t\t<figcaption class='wp-caption-text gallery-caption' id='gallery-3-24389'>\n\t\t\t\tAusl\u00fcften beim Ortler\n\t\t\t\t<\/figcaption><\/figure><figure class='gallery-item'>\n\t\t\t<div class='gallery-icon portrait'>\n\t\t\t\t<a href='https:\/\/www.60ergang.at\/wordpress\/wp-content\/uploads\/2026\/09\/img-20260829-wa0025-scaled.jpg'><img loading=\"lazy\" decoding=\"async\" width=\"320\" height=\"320\" src=\"https:\/\/www.60ergang.at\/wordpress\/wp-content\/uploads\/2026\/09\/img-20260829-wa0025-320x320.jpg\" class=\"attachment-thumbnail size-thumbnail\" alt=\"\" aria-describedby=\"gallery-3-24383\" srcset=\"https:\/\/www.60ergang.at\/wordpress\/wp-content\/uploads\/2026\/09\/img-20260829-wa0025-320x320.jpg 320w, https:\/\/www.60ergang.at\/wordpress\/wp-content\/uploads\/2026\/09\/img-20260829-wa0025-80x80.jpg 80w\" sizes=\"auto, (max-width: 320px) 100vw, 320px\" \/><\/a>\n\t\t\t<\/div>\n\t\t\t\t<figcaption class='wp-caption-text gallery-caption' id='gallery-3-24383'>\n\t\t\t\tOrtler Blick ohne Fernglas\n\t\t\t\t<\/figcaption><\/figure><figure class='gallery-item'>\n\t\t\t<div class='gallery-icon portrait'>\n\t\t\t\t<a href='https:\/\/www.60ergang.at\/wordpress\/wp-content\/uploads\/2026\/09\/img-20260829-wa0006.jpg'><img loading=\"lazy\" decoding=\"async\" width=\"320\" height=\"320\" src=\"https:\/\/www.60ergang.at\/wordpress\/wp-content\/uploads\/2026\/09\/img-20260829-wa0006-320x320.jpg\" class=\"attachment-thumbnail size-thumbnail\" alt=\"\" aria-describedby=\"gallery-3-24379\" srcset=\"https:\/\/www.60ergang.at\/wordpress\/wp-content\/uploads\/2026\/09\/img-20260829-wa0006-320x320.jpg 320w, https:\/\/www.60ergang.at\/wordpress\/wp-content\/uploads\/2026\/09\/img-20260829-wa0006-80x80.jpg 80w\" sizes=\"auto, (max-width: 320px) 100vw, 320px\" \/><\/a>\n\t\t\t<\/div>\n\t\t\t\t<figcaption class='wp-caption-text gallery-caption' id='gallery-3-24379'>\n\t\t\t\tes ist nicht mehr so weit wie es war\n\t\t\t\t<\/figcaption><\/figure><figure class='gallery-item'>\n\t\t\t<div class='gallery-icon portrait'>\n\t\t\t\t<a href='https:\/\/www.60ergang.at\/wordpress\/wp-content\/uploads\/2026\/09\/img-20260831-wa0007.jpg'><img loading=\"lazy\" decoding=\"async\" width=\"320\" height=\"320\" src=\"https:\/\/www.60ergang.at\/wordpress\/wp-content\/uploads\/2026\/09\/img-20260831-wa0007-320x320.jpg\" class=\"attachment-thumbnail size-thumbnail\" alt=\"\" aria-describedby=\"gallery-3-24394\" srcset=\"https:\/\/www.60ergang.at\/wordpress\/wp-content\/uploads\/2026\/09\/img-20260831-wa0007-320x320.jpg 320w, https:\/\/www.60ergang.at\/wordpress\/wp-content\/uploads\/2026\/09\/img-20260831-wa0007-80x80.jpg 80w\" sizes=\"auto, (max-width: 320px) 100vw, 320px\" \/><\/a>\n\t\t\t<\/div>\n\t\t\t\t<figcaption class='wp-caption-text gallery-caption' id='gallery-3-24394'>\n\t\t\t\tRichy to go \ud83d\ude42\n\t\t\t\t<\/figcaption><\/figure><figure class='gallery-item'>\n\t\t\t<div class='gallery-icon portrait'>\n\t\t\t\t<a href='https:\/\/www.60ergang.at\/wordpress\/wp-content\/uploads\/2026\/09\/img-20260829-wa0039-scaled.jpg'><img loading=\"lazy\" decoding=\"async\" width=\"320\" height=\"320\" src=\"https:\/\/www.60ergang.at\/wordpress\/wp-content\/uploads\/2026\/09\/img-20260829-wa0039-320x320.jpg\" class=\"attachment-thumbnail size-thumbnail\" alt=\"\" aria-describedby=\"gallery-3-24385\" srcset=\"https:\/\/www.60ergang.at\/wordpress\/wp-content\/uploads\/2026\/09\/img-20260829-wa0039-320x320.jpg 320w, https:\/\/www.60ergang.at\/wordpress\/wp-content\/uploads\/2026\/09\/img-20260829-wa0039-80x80.jpg 80w\" sizes=\"auto, (max-width: 320px) 100vw, 320px\" \/><\/a>\n\t\t\t<\/div>\n\t\t\t\t<figcaption class='wp-caption-text gallery-caption' id='gallery-3-24385'>\n\t\t\t\tMaggo on the way\n\t\t\t\t<\/figcaption><\/figure><figure class='gallery-item'>\n\t\t\t<div class='gallery-icon landscape'>\n\t\t\t\t<a href='https:\/\/www.60ergang.at\/wordpress\/wp-content\/uploads\/2026\/09\/img-20260829-wa0041-scaled.jpg'><img loading=\"lazy\" decoding=\"async\" width=\"320\" height=\"320\" src=\"https:\/\/www.60ergang.at\/wordpress\/wp-content\/uploads\/2026\/09\/img-20260829-wa0041-320x320.jpg\" class=\"attachment-thumbnail size-thumbnail\" alt=\"\" aria-describedby=\"gallery-3-24386\" srcset=\"https:\/\/www.60ergang.at\/wordpress\/wp-content\/uploads\/2026\/09\/img-20260829-wa0041-320x320.jpg 320w, https:\/\/www.60ergang.at\/wordpress\/wp-content\/uploads\/2026\/09\/img-20260829-wa0041-80x80.jpg 80w\" sizes=\"auto, (max-width: 320px) 100vw, 320px\" \/><\/a>\n\t\t\t<\/div>\n\t\t\t\t<figcaption class='wp-caption-text gallery-caption' id='gallery-3-24386'>\n\t\t\t\t3 Hirten am Joch\n\t\t\t\t<\/figcaption><\/figure><figure class='gallery-item'>\n\t\t\t<div class='gallery-icon portrait'>\n\t\t\t\t<a href='https:\/\/www.60ergang.at\/wordpress\/wp-content\/uploads\/2026\/09\/img-20260829-wa0049-scaled.jpg'><img loading=\"lazy\" decoding=\"async\" width=\"320\" height=\"320\" src=\"https:\/\/www.60ergang.at\/wordpress\/wp-content\/uploads\/2026\/09\/img-20260829-wa0049-320x320.jpg\" class=\"attachment-thumbnail size-thumbnail\" alt=\"\" aria-describedby=\"gallery-3-24387\" srcset=\"https:\/\/www.60ergang.at\/wordpress\/wp-content\/uploads\/2026\/09\/img-20260829-wa0049-320x320.jpg 320w, https:\/\/www.60ergang.at\/wordpress\/wp-content\/uploads\/2026\/09\/img-20260829-wa0049-80x80.jpg 80w\" sizes=\"auto, (max-width: 320px) 100vw, 320px\" \/><\/a>\n\t\t\t<\/div>\n\t\t\t\t<figcaption class='wp-caption-text gallery-caption' id='gallery-3-24387'>\n\t\t\t\tOrtler Blick mit Fernglas\n\t\t\t\t<\/figcaption><\/figure><figure class='gallery-item'>\n\t\t\t<div class='gallery-icon portrait'>\n\t\t\t\t<a href='https:\/\/www.60ergang.at\/wordpress\/wp-content\/uploads\/2026\/09\/img-20260829-wa0053-scaled.jpg'><img loading=\"lazy\" decoding=\"async\" width=\"320\" height=\"320\" src=\"https:\/\/www.60ergang.at\/wordpress\/wp-content\/uploads\/2026\/09\/img-20260829-wa0053-320x320.jpg\" class=\"attachment-thumbnail size-thumbnail\" alt=\"\" aria-describedby=\"gallery-3-24388\" srcset=\"https:\/\/www.60ergang.at\/wordpress\/wp-content\/uploads\/2026\/09\/img-20260829-wa0053-320x320.jpg 320w, https:\/\/www.60ergang.at\/wordpress\/wp-content\/uploads\/2026\/09\/img-20260829-wa0053-80x80.jpg 80w\" sizes=\"auto, (max-width: 320px) 100vw, 320px\" \/><\/a>\n\t\t\t<\/div>\n\t\t\t\t<figcaption class='wp-caption-text gallery-caption' id='gallery-3-24388'>\n\t\t\t\tSalve Gustav Th\u00f6ni\n\t\t\t\t<\/figcaption><\/figure><figure class='gallery-item'>\n\t\t\t<div class='gallery-icon landscape'>\n\t\t\t\t<a href='https:\/\/www.60ergang.at\/wordpress\/wp-content\/uploads\/2026\/09\/img-20260831-wa0001.jpg'><img loading=\"lazy\" decoding=\"async\" width=\"320\" height=\"320\" src=\"https:\/\/www.60ergang.at\/wordpress\/wp-content\/uploads\/2026\/09\/img-20260831-wa0001-320x320.jpg\" class=\"attachment-thumbnail size-thumbnail\" alt=\"\" aria-describedby=\"gallery-3-24390\" srcset=\"https:\/\/www.60ergang.at\/wordpress\/wp-content\/uploads\/2026\/09\/img-20260831-wa0001-320x320.jpg 320w, https:\/\/www.60ergang.at\/wordpress\/wp-content\/uploads\/2026\/09\/img-20260831-wa0001-80x80.jpg 80w\" sizes=\"auto, (max-width: 320px) 100vw, 320px\" \/><\/a>\n\t\t\t<\/div>\n\t\t\t\t<figcaption class='wp-caption-text gallery-caption' id='gallery-3-24390'>\n\t\t\t\tes ist nimma weit\n\t\t\t\t<\/figcaption><\/figure><figure class='gallery-item'>\n\t\t\t<div class='gallery-icon portrait'>\n\t\t\t\t<a href='https:\/\/www.60ergang.at\/wordpress\/wp-content\/uploads\/2026\/09\/img-20260831-wa0002.jpg'><img loading=\"lazy\" decoding=\"async\" width=\"320\" height=\"320\" src=\"https:\/\/www.60ergang.at\/wordpress\/wp-content\/uploads\/2026\/09\/img-20260831-wa0002-320x320.jpg\" class=\"attachment-thumbnail size-thumbnail\" alt=\"\" aria-describedby=\"gallery-3-24391\" srcset=\"https:\/\/www.60ergang.at\/wordpress\/wp-content\/uploads\/2026\/09\/img-20260831-wa0002-320x320.jpg 320w, https:\/\/www.60ergang.at\/wordpress\/wp-content\/uploads\/2026\/09\/img-20260831-wa0002-80x80.jpg 80w\" sizes=\"auto, (max-width: 320px) 100vw, 320px\" \/><\/a>\n\t\t\t<\/div>\n\t\t\t\t<figcaption class='wp-caption-text gallery-caption' id='gallery-3-24391'>\n\t\t\t\tDer Blick zur\u00fcck\n\t\t\t\t<\/figcaption><\/figure><figure class='gallery-item'>\n\t\t\t<div class='gallery-icon portrait'>\n\t\t\t\t<a href='https:\/\/www.60ergang.at\/wordpress\/wp-content\/uploads\/2026\/09\/img-20260829-wa0009.jpg'><img loading=\"lazy\" decoding=\"async\" width=\"320\" height=\"320\" src=\"https:\/\/www.60ergang.at\/wordpress\/wp-content\/uploads\/2026\/09\/img-20260829-wa0009-320x320.jpg\" class=\"attachment-thumbnail size-thumbnail\" alt=\"\" aria-describedby=\"gallery-3-24380\" srcset=\"https:\/\/www.60ergang.at\/wordpress\/wp-content\/uploads\/2026\/09\/img-20260829-wa0009-320x320.jpg 320w, https:\/\/www.60ergang.at\/wordpress\/wp-content\/uploads\/2026\/09\/img-20260829-wa0009-80x80.jpg 80w\" sizes=\"auto, (max-width: 320px) 100vw, 320px\" \/><\/a>\n\t\t\t<\/div>\n\t\t\t\t<figcaption class='wp-caption-text gallery-caption' id='gallery-3-24380'>\n\t\t\t\t2 Hirten am Pass\n\t\t\t\t<\/figcaption><\/figure><figure class='gallery-item'>\n\t\t\t<div class='gallery-icon portrait'>\n\t\t\t\t<a href='https:\/\/www.60ergang.at\/wordpress\/wp-content\/uploads\/2026\/09\/img-20260829-wa0021-scaled.jpg'><img loading=\"lazy\" decoding=\"async\" width=\"320\" height=\"320\" src=\"https:\/\/www.60ergang.at\/wordpress\/wp-content\/uploads\/2026\/09\/img-20260829-wa0021-320x320.jpg\" class=\"attachment-thumbnail size-thumbnail\" alt=\"\" aria-describedby=\"gallery-3-24381\" srcset=\"https:\/\/www.60ergang.at\/wordpress\/wp-content\/uploads\/2026\/09\/img-20260829-wa0021-320x320.jpg 320w, https:\/\/www.60ergang.at\/wordpress\/wp-content\/uploads\/2026\/09\/img-20260829-wa0021-80x80.jpg 80w\" sizes=\"auto, (max-width: 320px) 100vw, 320px\" \/><\/a>\n\t\t\t<\/div>\n\t\t\t\t<figcaption class='wp-caption-text gallery-caption' id='gallery-3-24381'>\n\t\t\t\tStart in Prad am Stilfserjoch\n\t\t\t\t<\/figcaption><\/figure><figure class='gallery-item'>\n\t\t\t<div class='gallery-icon landscape'>\n\t\t\t\t<a href='https:\/\/www.60ergang.at\/wordpress\/wp-content\/uploads\/2026\/09\/img-20260829-wa0023-scaled.jpg'><img loading=\"lazy\" decoding=\"async\" width=\"320\" height=\"320\" src=\"https:\/\/www.60ergang.at\/wordpress\/wp-content\/uploads\/2026\/09\/img-20260829-wa0023-320x320.jpg\" class=\"attachment-thumbnail size-thumbnail\" alt=\"\" aria-describedby=\"gallery-3-24382\" srcset=\"https:\/\/www.60ergang.at\/wordpress\/wp-content\/uploads\/2026\/09\/img-20260829-wa0023-320x320.jpg 320w, https:\/\/www.60ergang.at\/wordpress\/wp-content\/uploads\/2026\/09\/img-20260829-wa0023-80x80.jpg 80w\" sizes=\"auto, (max-width: 320px) 100vw, 320px\" \/><\/a>\n\t\t\t<\/div>\n\t\t\t\t<figcaption class='wp-caption-text gallery-caption' id='gallery-3-24382'>\n\t\t\t\tWings for Life\n\t\t\t\t<\/figcaption><\/figure><figure class='gallery-item'>\n\t\t\t<div class='gallery-icon portrait'>\n\t\t\t\t<a href='https:\/\/www.60ergang.at\/wordpress\/wp-content\/uploads\/2026\/09\/img-20260831-wa0003.jpg'><img loading=\"lazy\" decoding=\"async\" width=\"320\" height=\"320\" src=\"https:\/\/www.60ergang.at\/wordpress\/wp-content\/uploads\/2026\/09\/img-20260831-wa0003-320x320.jpg\" class=\"attachment-thumbnail size-thumbnail\" alt=\"\" aria-describedby=\"gallery-3-24392\" srcset=\"https:\/\/www.60ergang.at\/wordpress\/wp-content\/uploads\/2026\/09\/img-20260831-wa0003-320x320.jpg 320w, https:\/\/www.60ergang.at\/wordpress\/wp-content\/uploads\/2026\/09\/img-20260831-wa0003-80x80.jpg 80w\" sizes=\"auto, (max-width: 320px) 100vw, 320px\" \/><\/a>\n\t\t\t<\/div>\n\t\t\t\t<figcaption class='wp-caption-text gallery-caption' id='gallery-3-24392'>\n\t\t\t\tPasso Stelvio\n\t\t\t\t<\/figcaption><\/figure><figure class='gallery-item'>\n\t\t\t<div class='gallery-icon portrait'>\n\t\t\t\t<a href='https:\/\/www.60ergang.at\/wordpress\/wp-content\/uploads\/2026\/09\/img-20260831-wa0006.jpg'><img loading=\"lazy\" decoding=\"async\" width=\"320\" height=\"320\" src=\"https:\/\/www.60ergang.at\/wordpress\/wp-content\/uploads\/2026\/09\/img-20260831-wa0006-320x320.jpg\" class=\"attachment-thumbnail size-thumbnail\" alt=\"\" aria-describedby=\"gallery-3-24393\" srcset=\"https:\/\/www.60ergang.at\/wordpress\/wp-content\/uploads\/2026\/09\/img-20260831-wa0006-320x320.jpg 320w, https:\/\/www.60ergang.at\/wordpress\/wp-content\/uploads\/2026\/09\/img-20260831-wa0006-80x80.jpg 80w\" sizes=\"auto, (max-width: 320px) 100vw, 320px\" \/><\/a>\n\t\t\t<\/div>\n\t\t\t\t<figcaption class='wp-caption-text gallery-caption' id='gallery-3-24393'>\n\t\t\t\tam Umbrail Pass\n\t\t\t\t<\/figcaption><\/figure>\n\t\t<\/div>\n\n<p>Mit voller Wampe <del>treten<\/del>\u00a0fahren wir die Heimreise an. Die Fahrt nutzen wir f\u00fcr ausgiebige Diskussion \u00fcber die heute erlebte Anekdoten und lassen so den Tag nochmals Revue passieren. Dabei darf auch gelacht werden.<\/p>\n<p>Unfallfreie Statistik: 68 Kilometer, 1.940 H\u00f6henmeter, 15.130 Kurbelumdrehungen, Vmax 67,2 km\/h<\/p>\n<p>60erGang waren heute: Richard (Richy), Markus (Maggo), Andreas (Fuzzi)<br \/>\nHeute war ein guter Tag!!!<\/p>\n<\/div>\n","protected":false},"excerpt":{"rendered":"<p>Stilfserjoch Radtag, Stelvio Day 29.08.2026 Nach der Sella Ronda im Juni dieses Jahres, schnappen wir uns den n\u00e4chsten Klassiker &#8211; das Stilfserjoch.<\/p>\n","protected":false},"author":2,"featured_media":24391,"comment_status":"open","ping_status":"open","sticky":true,"template":"","format":"standard","meta":{"footnotes":""},"categories":[3],"tags":[80,661],"class_list":["post-24374","post","type-post","status-publish","format-standard","has-post-thumbnail","hentry","category-rad","tag-stelvio-day","tag-stilfser-joch-radtag"],"_links":{"self":[{"href":"https:\/\/www.60ergang.at\/wordpress\/wp-json\/wp\/v2\/posts\/24374","targetHints":{"allow":["GET"]}}],"collection":[{"href":"https:\/\/www.60ergang.at\/wordpress\/wp-json\/wp\/v2\/posts"}],"about":[{"href":"https:\/\/www.60ergang.at\/wordpress\/wp-json\/wp\/v2\/types\/post"}],"author":[{"embeddable":true,"href":"https:\/\/www.60ergang.at\/wordpress\/wp-json\/wp\/v2\/users\/2"}],"replies":[{"embeddable":true,"href":"https:\/\/www.60ergang.at\/wordpress\/wp-json\/wp\/v2\/comments?post=24374"}],"version-history":[{"count":14,"href":"https:\/\/www.60ergang.at\/wordpress\/wp-json\/wp\/v2\/posts\/24374\/revisions"}],"predecessor-version":[{"id":24407,"href":"https:\/\/www.60ergang.at\/wordpress\/wp-json\/wp\/v2\/posts\/24374\/revisions\/24407"}],"wp:featuredmedia":[{"embeddable":true,"href":"https:\/\/www.60ergang.at\/wordpress\/wp-json\/wp\/v2\/media\/24391"}],"wp:attachment":[{"href":"https:\/\/www.60ergang.at\/wordpress\/wp-json\/wp\/v2\/media?parent=24374"}],"wp:term":[{"taxonomy":"category","embeddable":true,"href":"https:\/\/www.60ergang.at\/wordpress\/wp-json\/wp\/v2\/categories?post=24374"},{"taxonomy":"post_tag","embeddable":true,"href":"https:\/\/www.60ergang.at\/wordpress\/wp-json\/wp\/v2\/tags?post=24374"}],"curies":[{"name":"wp","href":"https:\/\/api.w.org\/{rel}","templated":true}]}}