{"id":4136,"date":"2013-06-17T15:46:22","date_gmt":"2013-06-17T13:46:22","guid":{"rendered":"http:\/\/www.60ergang.at\/wordpress\/?p=4136"},"modified":"2025-07-01T19:56:02","modified_gmt":"2025-07-01T17:56:02","slug":"wilder-freiger-3-418-mtr","status":"publish","type":"post","link":"https:\/\/www.60ergang.at\/wordpress\/wilder-freiger-3-418-mtr\/","title":{"rendered":"Wilder Freiger, 3.418 mtr"},"content":{"rendered":"\n<p>die sch\u00f6ne Aktion von letzter Woche auf die Schlicker Seespitze hat mich noch ein (letztes?) mal hei\u00df gemacht. Richtig: ich erinnerte mich an eine Aussage des H\u00fcttenwirts von der Sulzenauh\u00fctte, vor vielleicht 15 oder mehr Jahren, dass der Freiger&nbsp; bis in den Juni hinein bestiegen wird und Leute von weit her extra daf\u00fcr anreisen. Freiger und Juni sa\u00df wie ein kleines M\u00e4nnlein mit Hammer in meinem Kopf. Aber am ersten Tag der vorausgesagten Hitzewelle eine Schitour machen? Hmmmm, verlieren konnte ich ja nichts, also packte ich die Brettln, fuhr ins Stubaital und begann, alles zur Sulzenauh\u00fctte zu schleppen. Aja, Montag und Dienstag habe ich dienstfrei, als Belohnung sozusagen, weil ich alle Fenstertage im B\u00fcro verbrachte, habe ich diese beiden Tage schon vor dem Wissen, dass es so sch\u00f6n wird, als Urlaubstage eingebucht.<\/p>\n\n\n\n<p>Norbert,&nbsp; der Wirt empf\u00e4ngt mich mit dem Hinweis, dass ich SICHER auf der H\u00fctte schlafen werde, aber ob ich den Freiger sehe? Ich kl\u00e4rte auf, dass ich die Schi dabei habe und die Gipfelchancen stiegen blitzartig. Zu Fu\u00df bedeutet: einsinken bis zum Oberschenkel. Ich a\u00df zu Abend, zahlte und bezog mein Bett. Wecker auf 04:00 Uhr, mit dem ersten Tag Licht wollte ich schon unterwegs sein. Schlie\u00dflich schaute ich, nach&nbsp; unruhigem Schlaf, um 03:50 Uhr auf die Uhr und stand auf. Im Gastraum gab es Thermofr\u00fchst\u00fcck und M\u00fcsli. Dann packte ich die Latten auf den Rucksack und stapfte in die D\u00e4mmerung. Irgendwie hatte ich die Route (die ich noch nie ging), falsch im Kopf und st\u00fcrmte bis zum Gr\u00fcnausee.<\/p>\n\n\n\n<figure class=\"wp-block-image size-full\"><img loading=\"lazy\" decoding=\"async\" width=\"640\" height=\"480\" src=\"https:\/\/www.60ergang.at\/wordpress\/wp-content\/uploads\/2013\/06\/IMG_1300.jpg\" alt=\"\" class=\"wp-image-21047\" title=\"IMG_1300\" srcset=\"https:\/\/www.60ergang.at\/wordpress\/wp-content\/uploads\/2013\/06\/IMG_1300.jpg 640w, https:\/\/www.60ergang.at\/wordpress\/wp-content\/uploads\/2013\/06\/IMG_1300-400x300.jpg 400w, https:\/\/www.60ergang.at\/wordpress\/wp-content\/uploads\/2013\/06\/IMG_1300-600x450.jpg 600w\" sizes=\"auto, (max-width: 640px) 100vw, 640px\" \/><\/figure>\n\n\n\n<p><\/p>\n\n\n\n<p>Zu weit! Von der Mor\u00e4ne aus, die ich \u00fcberstieg, sah man sch\u00f6n den richtigen Einstieg.<\/p>\n\n\n\n<figure class=\"wp-block-image size-full\"><img loading=\"lazy\" decoding=\"async\" width=\"640\" height=\"480\" src=\"https:\/\/www.60ergang.at\/wordpress\/wp-content\/uploads\/2013\/06\/IMG_1301.jpg\" alt=\"\" class=\"wp-image-21048\" title=\"IMG_1301\" srcset=\"https:\/\/www.60ergang.at\/wordpress\/wp-content\/uploads\/2013\/06\/IMG_1301.jpg 640w, https:\/\/www.60ergang.at\/wordpress\/wp-content\/uploads\/2013\/06\/IMG_1301-400x300.jpg 400w, https:\/\/www.60ergang.at\/wordpress\/wp-content\/uploads\/2013\/06\/IMG_1301-600x450.jpg 600w\" sizes=\"auto, (max-width: 640px) 100vw, 640px\" \/><\/figure>\n\n\n\n<p><\/p>\n\n\n\n<p>Also Kommando zur\u00fcck und auf der ersten Schneezunge die Schi anlegen. Dann ging es durch einen schmalen Felsschlurf hinauf auf den Freiger Ferner.<\/p>\n\n\n\n<figure class=\"wp-block-image size-full\"><img loading=\"lazy\" decoding=\"async\" width=\"640\" height=\"480\" src=\"https:\/\/www.60ergang.at\/wordpress\/wp-content\/uploads\/2013\/06\/IMG_1302.jpg\" alt=\"\" class=\"wp-image-21049\" title=\"IMG_1302\" srcset=\"https:\/\/www.60ergang.at\/wordpress\/wp-content\/uploads\/2013\/06\/IMG_1302.jpg 640w, https:\/\/www.60ergang.at\/wordpress\/wp-content\/uploads\/2013\/06\/IMG_1302-400x300.jpg 400w, https:\/\/www.60ergang.at\/wordpress\/wp-content\/uploads\/2013\/06\/IMG_1302-600x450.jpg 600w\" sizes=\"auto, (max-width: 640px) 100vw, 640px\" \/><\/figure>\n\n\n\n<p><\/p>\n\n\n\n<p>Die ersten Sonnenstrahlen lachten mich an und als ich den wirklich monstr\u00f6sen Hang vor mir sah, zwickten die Wadln sp\u00fcrbar. Ich denke, dass es hier gut und gerne 800 H\u00f6henmeter am St\u00fcck hinaufgeht, teils sehr steil.<\/p>\n\n\n\n<figure class=\"wp-block-image size-full\"><img loading=\"lazy\" decoding=\"async\" width=\"640\" height=\"480\" src=\"https:\/\/www.60ergang.at\/wordpress\/wp-content\/uploads\/2013\/06\/IMG_1317.jpg\" alt=\"\" class=\"wp-image-21051\" title=\"IMG_1317\" srcset=\"https:\/\/www.60ergang.at\/wordpress\/wp-content\/uploads\/2013\/06\/IMG_1317.jpg 640w, https:\/\/www.60ergang.at\/wordpress\/wp-content\/uploads\/2013\/06\/IMG_1317-400x300.jpg 400w, https:\/\/www.60ergang.at\/wordpress\/wp-content\/uploads\/2013\/06\/IMG_1317-600x450.jpg 600w\" sizes=\"auto, (max-width: 640px) 100vw, 640px\" \/><\/figure>\n\n\n\n<figure class=\"wp-block-image size-full\"><img loading=\"lazy\" decoding=\"async\" width=\"640\" height=\"480\" src=\"https:\/\/www.60ergang.at\/wordpress\/wp-content\/uploads\/2013\/06\/IMG_1318.jpg\" alt=\"\" class=\"wp-image-21052\" title=\"IMG_1318\" srcset=\"https:\/\/www.60ergang.at\/wordpress\/wp-content\/uploads\/2013\/06\/IMG_1318.jpg 640w, https:\/\/www.60ergang.at\/wordpress\/wp-content\/uploads\/2013\/06\/IMG_1318-400x300.jpg 400w, https:\/\/www.60ergang.at\/wordpress\/wp-content\/uploads\/2013\/06\/IMG_1318-600x450.jpg 600w\" sizes=\"auto, (max-width: 640px) 100vw, 640px\" \/><\/figure>\n\n\n\n<figure class=\"wp-block-image size-full\"><img loading=\"lazy\" decoding=\"async\" width=\"640\" height=\"480\" src=\"https:\/\/www.60ergang.at\/wordpress\/wp-content\/uploads\/2013\/06\/IMG_1319.jpg\" alt=\"\" class=\"wp-image-21053\" title=\"IMG_1319\" srcset=\"https:\/\/www.60ergang.at\/wordpress\/wp-content\/uploads\/2013\/06\/IMG_1319.jpg 640w, https:\/\/www.60ergang.at\/wordpress\/wp-content\/uploads\/2013\/06\/IMG_1319-400x300.jpg 400w, https:\/\/www.60ergang.at\/wordpress\/wp-content\/uploads\/2013\/06\/IMG_1319-600x450.jpg 600w\" sizes=\"auto, (max-width: 640px) 100vw, 640px\" \/><\/figure>\n\n\n\n<p><\/p>\n\n\n\n<p>Die Schneekonsistenz war Sommersulz, teils mit einer 2 mm schwachen gefrorenen Schicht \u00fcberzogen. Dies hatte zur Folge, dass auch im steilsten Abschnitt der Halt der Schi sagenhaft war. Sicher ist es hier um vieles spannender, wenn ein richtig gefrorener Harschdeckel zu bew\u00e4ltigen ist. Ich m\u00fche mich die erste Steilstufe hinauf und merke nur ganz kurz, dass sich der Hang zur\u00fccklehnt, nur um sich dann noch aggressiver aufzub\u00e4umen.<\/p>\n\n\n\n<figure class=\"wp-block-image size-full\"><img loading=\"lazy\" decoding=\"async\" width=\"640\" height=\"480\" src=\"https:\/\/www.60ergang.at\/wordpress\/wp-content\/uploads\/2013\/06\/IMG_1320.jpg\" alt=\"\" class=\"wp-image-21054\" title=\"IMG_1320\" srcset=\"https:\/\/www.60ergang.at\/wordpress\/wp-content\/uploads\/2013\/06\/IMG_1320.jpg 640w, https:\/\/www.60ergang.at\/wordpress\/wp-content\/uploads\/2013\/06\/IMG_1320-400x300.jpg 400w, https:\/\/www.60ergang.at\/wordpress\/wp-content\/uploads\/2013\/06\/IMG_1320-600x450.jpg 600w\" sizes=\"auto, (max-width: 640px) 100vw, 640px\" \/><\/figure>\n\n\n\n<p><\/p>\n\n\n\n<p>Als die zweite Stufe geschafft ist, lehnt sich das Gel\u00e4nde bequem zur\u00fcck und es ist ein wahrer Genuss, hier aufsteigen zu d\u00fcrfen.<\/p>\n\n\n\n<figure class=\"wp-block-image size-full\"><img loading=\"lazy\" decoding=\"async\" width=\"640\" height=\"480\" src=\"https:\/\/www.60ergang.at\/wordpress\/wp-content\/uploads\/2013\/06\/IMG_1323.jpg\" alt=\"\" class=\"wp-image-21055\" title=\"IMG_1323\" srcset=\"https:\/\/www.60ergang.at\/wordpress\/wp-content\/uploads\/2013\/06\/IMG_1323.jpg 640w, https:\/\/www.60ergang.at\/wordpress\/wp-content\/uploads\/2013\/06\/IMG_1323-400x300.jpg 400w, https:\/\/www.60ergang.at\/wordpress\/wp-content\/uploads\/2013\/06\/IMG_1323-600x450.jpg 600w\" sizes=\"auto, (max-width: 640px) 100vw, 640px\" \/><\/figure>\n\n\n\n<p><\/p>\n\n\n\n<p>Der Gipfel l\u00e4sst sich nun erstmals blicken. Endlich. Ich kreuze die Spuren der 11erschaft vom deutschen Alpenverein \u2013 Gruppe Miller. Sie sind gestern zu Fu\u00df herauf \u2013 Respekt. Oben, in der N\u00e4he des alten Zollh\u00e4usls, wollte ich auf den Grat hinauf die Stapfspuren der Millerleute benutzen, aber nach dem dritten Schritt und dem dritten Einbruch, legte ich schnell wieder die Schi an. Rauf auf den Grat und weitergetourt bis zum Schidepot. Die letzten Schritte bis zum Gipfel sind gleich gemacht und es geht mir sehr gut beim erreichen des Kreuzes. 08:15 Uhr.<\/p>\n\n\n\n<figure class=\"wp-block-image size-full\"><img loading=\"lazy\" decoding=\"async\" width=\"640\" height=\"480\" src=\"https:\/\/www.60ergang.at\/wordpress\/wp-content\/uploads\/2013\/06\/IMG_1332.jpg\" alt=\"\" class=\"wp-image-21056\" title=\"IMG_1332\" srcset=\"https:\/\/www.60ergang.at\/wordpress\/wp-content\/uploads\/2013\/06\/IMG_1332.jpg 640w, https:\/\/www.60ergang.at\/wordpress\/wp-content\/uploads\/2013\/06\/IMG_1332-400x300.jpg 400w, https:\/\/www.60ergang.at\/wordpress\/wp-content\/uploads\/2013\/06\/IMG_1332-600x450.jpg 600w\" sizes=\"auto, (max-width: 640px) 100vw, 640px\" \/><\/figure>\n\n\n\n<p><\/p>\n\n\n\n<p>Eintrag Gipfelbuch, zur\u00fcck zum Schidepot, Apfel, N\u00fcsse, Aufgeregt. Ich will endlich Schi fahren. Also pfeffere ich den unsauber abgenagten Putzen in den Schnee und richte mich schnellstens her zum abdriften. Moah, oben Butterfirn vom Feinsten, der sich weiter nach unten zu anfangs beschriebenem Sommerschnee \u00e4ndert. Der Hang scheint gar nicht aufzuh\u00f6ren und ich wei\u00df jetzt, diese Art von Schnee zu befahren ist \u00e4hnlich geil wie powdern.<\/p>\n\n\n\n<figure class=\"wp-block-image size-full\"><img loading=\"lazy\" decoding=\"async\" width=\"640\" height=\"480\" src=\"https:\/\/www.60ergang.at\/wordpress\/wp-content\/uploads\/2013\/06\/IMG_1345.jpg\" alt=\"\" class=\"wp-image-21057\" title=\"IMG_1345\" srcset=\"https:\/\/www.60ergang.at\/wordpress\/wp-content\/uploads\/2013\/06\/IMG_1345.jpg 640w, https:\/\/www.60ergang.at\/wordpress\/wp-content\/uploads\/2013\/06\/IMG_1345-400x300.jpg 400w, https:\/\/www.60ergang.at\/wordpress\/wp-content\/uploads\/2013\/06\/IMG_1345-600x450.jpg 600w\" sizes=\"auto, (max-width: 640px) 100vw, 640px\" \/><\/figure>\n\n\n\n<figure class=\"wp-block-image size-full\"><img loading=\"lazy\" decoding=\"async\" width=\"640\" height=\"480\" src=\"https:\/\/www.60ergang.at\/wordpress\/wp-content\/uploads\/2013\/06\/IMG_1346.jpg\" alt=\"\" class=\"wp-image-21058\" title=\"IMG_1346\" srcset=\"https:\/\/www.60ergang.at\/wordpress\/wp-content\/uploads\/2013\/06\/IMG_1346.jpg 640w, https:\/\/www.60ergang.at\/wordpress\/wp-content\/uploads\/2013\/06\/IMG_1346-400x300.jpg 400w, https:\/\/www.60ergang.at\/wordpress\/wp-content\/uploads\/2013\/06\/IMG_1346-600x450.jpg 600w\" sizes=\"auto, (max-width: 640px) 100vw, 640px\" \/><\/figure>\n\n\n\n<figure class=\"wp-block-image size-full\"><img loading=\"lazy\" decoding=\"async\" width=\"480\" height=\"640\" src=\"https:\/\/www.60ergang.at\/wordpress\/wp-content\/uploads\/2013\/06\/IMG_1347.jpg\" alt=\"\" class=\"wp-image-21059\" title=\"IMG_1347\" srcset=\"https:\/\/www.60ergang.at\/wordpress\/wp-content\/uploads\/2013\/06\/IMG_1347.jpg 480w, https:\/\/www.60ergang.at\/wordpress\/wp-content\/uploads\/2013\/06\/IMG_1347-300x400.jpg 300w\" sizes=\"auto, (max-width: 480px) 100vw, 480px\" \/><\/figure>\n\n\n\n<p><\/p>\n\n\n\n<p>Der Schnee spritzt mir auf die nackten Unterschenkel und ich h\u00f6re erst auf zu Schwingen, als die Oberschenkel laut quietschten. Pause und dasselbe nochmal. Unten, als es fl\u00e4cher wird, fliege ich nur so dahin.<\/p>\n\n\n\n<figure class=\"wp-block-image size-full\"><img loading=\"lazy\" decoding=\"async\" width=\"640\" height=\"480\" src=\"https:\/\/www.60ergang.at\/wordpress\/wp-content\/uploads\/2013\/06\/IMG_1350.jpg\" alt=\"\" class=\"wp-image-21060\" title=\"IMG_1350\" srcset=\"https:\/\/www.60ergang.at\/wordpress\/wp-content\/uploads\/2013\/06\/IMG_1350.jpg 640w, https:\/\/www.60ergang.at\/wordpress\/wp-content\/uploads\/2013\/06\/IMG_1350-400x300.jpg 400w, https:\/\/www.60ergang.at\/wordpress\/wp-content\/uploads\/2013\/06\/IMG_1350-600x450.jpg 600w\" sizes=\"auto, (max-width: 640px) 100vw, 640px\" \/><\/figure>\n\n\n\n<p><\/p>\n\n\n\n<p>Gro\u00dfe Schw\u00fcnge, super! Dann zw\u00e4nge ich mich durch den Einstiegsschlurf hinunter und quere, so weit es geht oben nach links hinaus.<\/p>\n\n\n\n<figure class=\"wp-block-image size-full\"><img loading=\"lazy\" decoding=\"async\" width=\"640\" height=\"480\" src=\"https:\/\/www.60ergang.at\/wordpress\/wp-content\/uploads\/2013\/06\/IMG_1351.jpg\" alt=\"\" class=\"wp-image-21061\" title=\"IMG_1351\" srcset=\"https:\/\/www.60ergang.at\/wordpress\/wp-content\/uploads\/2013\/06\/IMG_1351.jpg 640w, https:\/\/www.60ergang.at\/wordpress\/wp-content\/uploads\/2013\/06\/IMG_1351-400x300.jpg 400w, https:\/\/www.60ergang.at\/wordpress\/wp-content\/uploads\/2013\/06\/IMG_1351-600x450.jpg 600w\" sizes=\"auto, (max-width: 640px) 100vw, 640px\" \/><\/figure>\n\n\n\n<p><\/p>\n\n\n\n<p>Ein letztes Schneeband bringt mich fast auf den Weg. Dort begr\u00fc\u00dft mich das P\u00e4rchen, dass in der H\u00fctte neben mir sa\u00df, und die damit k\u00e4mpften, dass s\u00e4mtliche \u00dcberg\u00e4nge noch schneebedeckt sind. Jetzt kann ich gem\u00fctlich zur H\u00fctte zur\u00fcck traben, wo Norbert schon neugierig auf die Verh\u00e4ltnisse ist und mir zum Gipfelerfolgt gratuliert. In seinen Augen gl\u00e4nzt der Berg\u2026..<\/p>\n\n\n\n<p>Nach einem Bierchen und nachdem die Sachen trocken sind, watschle ich in der Mittagshitze zur\u00fcck zum Auto. Ich denke, das war es heuer mit Schitouren\u2026\u2026\u2026..<\/p>\n\n\n\n<p>(Mittlerweile es ist 18:00 Uhr,&nbsp; hat es in Innsbruck sagenhafte 34 Grad)<\/p>\n\n\n\n<p>Giggi, 17.6.2013<\/p>\n\n\n\n<p>Noch Fotos unter: <a href=\"https:\/\/picasaweb.google.com\/110784372577063064381\/170613SchitourWilderFreiger3418Mtr?noredirect=1\" target=\"_blank\" rel=\"noopener\">Wilder Freiger Album<\/a><\/p>\n","protected":false},"excerpt":{"rendered":"<p>die sch\u00f6ne Aktion von letzter Woche auf die Schlicker Seespitze hat mich noch ein (letztes?) mal hei\u00df gemacht. Richtig: ich erinnerte mich<\/p>\n","protected":false},"author":3,"featured_media":4116,"comment_status":"open","ping_status":"open","sticky":false,"template":"","format":"standard","meta":{"_uag_custom_page_level_css":"","footnotes":""},"categories":[8],"tags":[174,175],"class_list":["post-4136","post","type-post","status-publish","format-standard","has-post-thumbnail","hentry","category-schi","tag-freiger","tag-wilder-freiger"],"uagb_featured_image_src":{"full":["https:\/\/www.60ergang.at\/wordpress\/wp-content\/uploads\/2013\/06\/IMG_1318.jpg",640,480,false],"thumbnail":["https:\/\/www.60ergang.at\/wordpress\/wp-content\/uploads\/2013\/06\/IMG_1318-150x150.jpg",150,150,true],"medium":["https:\/\/www.60ergang.at\/wordpress\/wp-content\/uploads\/2013\/06\/IMG_1318-400x300.jpg",400,300,true],"medium_large":["https:\/\/www.60ergang.at\/wordpress\/wp-content\/uploads\/2013\/06\/IMG_1318.jpg",640,480,false],"large":["https:\/\/www.60ergang.at\/wordpress\/wp-content\/uploads\/2013\/06\/IMG_1318.jpg",640,480,false],"1536x1536":["https:\/\/www.60ergang.at\/wordpress\/wp-content\/uploads\/2013\/06\/IMG_1318.jpg",640,480,false],"2048x2048":["https:\/\/www.60ergang.at\/wordpress\/wp-content\/uploads\/2013\/06\/IMG_1318.jpg",640,480,false],"post-thumbnail":["https:\/\/www.60ergang.at\/wordpress\/wp-content\/uploads\/2013\/06\/IMG_1318.jpg",640,480,false],"worldstar-header-image":["https:\/\/www.60ergang.at\/wordpress\/wp-content\/uploads\/2013\/06\/IMG_1318.jpg",560,420,false],"worldstar-thumbnail-small":["https:\/\/www.60ergang.at\/wordpress\/wp-content\/uploads\/2013\/06\/IMG_1318.jpg",107,80,false],"tzwb-thumbnail":["https:\/\/www.60ergang.at\/wordpress\/wp-content\/uploads\/2013\/06\/IMG_1318.jpg",80,60,false]},"uagb_author_info":{"display_name":"Hilli","author_link":"https:\/\/www.60ergang.at\/wordpress\/author\/hilli\/"},"uagb_comment_info":6,"uagb_excerpt":"die sch\u00f6ne Aktion von letzter Woche auf die Schlicker Seespitze hat mich noch ein (letztes?) mal hei\u00df gemacht. Richtig: ich erinnerte mich","_links":{"self":[{"href":"https:\/\/www.60ergang.at\/wordpress\/wp-json\/wp\/v2\/posts\/4136","targetHints":{"allow":["GET"]}}],"collection":[{"href":"https:\/\/www.60ergang.at\/wordpress\/wp-json\/wp\/v2\/posts"}],"about":[{"href":"https:\/\/www.60ergang.at\/wordpress\/wp-json\/wp\/v2\/types\/post"}],"author":[{"embeddable":true,"href":"https:\/\/www.60ergang.at\/wordpress\/wp-json\/wp\/v2\/users\/3"}],"replies":[{"embeddable":true,"href":"https:\/\/www.60ergang.at\/wordpress\/wp-json\/wp\/v2\/comments?post=4136"}],"version-history":[{"count":0,"href":"https:\/\/www.60ergang.at\/wordpress\/wp-json\/wp\/v2\/posts\/4136\/revisions"}],"wp:featuredmedia":[{"embeddable":true,"href":"https:\/\/www.60ergang.at\/wordpress\/wp-json\/wp\/v2\/media\/4116"}],"wp:attachment":[{"href":"https:\/\/www.60ergang.at\/wordpress\/wp-json\/wp\/v2\/media?parent=4136"}],"wp:term":[{"taxonomy":"category","embeddable":true,"href":"https:\/\/www.60ergang.at\/wordpress\/wp-json\/wp\/v2\/categories?post=4136"},{"taxonomy":"post_tag","embeddable":true,"href":"https:\/\/www.60ergang.at\/wordpress\/wp-json\/wp\/v2\/tags?post=4136"}],"curies":[{"name":"wp","href":"https:\/\/api.w.org\/{rel}","templated":true}]}}